{"id":82129,"date":"2026-09-06T00:00:33","date_gmt":"2026-09-06T04:00:33","guid":{"rendered":"https:\/\/eldiarioantillano.com\/uno\/?p=82129"},"modified":"2026-09-05T19:30:08","modified_gmt":"2026-09-05T23:30:08","slug":"galeria-mercado-modelo","status":"publish","type":"post","link":"https:\/\/eldiarioantillano.com\/uno\/2026\/09\/06\/galeria-mercado-modelo\/","title":{"rendered":"GALER\u00cdA: Mercado Modelo"},"content":{"rendered":"<p>El Mercado Modelo en la avenida Mella, en el norte del casco hist\u00f3rico, abre sus puertas, mostr\u00e1ndonos toda la variedad de productos que pueda desear adquirir el p\u00fablico dominicano. Fundado el 4 de enero de 1941, es un punto clave de la tradici\u00f3n econ\u00f3mica de la ciudad con m\u00e1s de 150 locales en su interior, adem\u00e1s de los negocios formales e informales que lo rodean.<\/p>\n","protected":false},"excerpt":{"rendered":"<p>El Mercado Modelo en la avenida Mella, en el norte del casco hist\u00f3rico, abre sus&hellip;<\/p>\n","protected":false},"author":2,"featured_media":82146,"comment_status":"open","ping_status":"closed","sticky":false,"template":"","format":"gallery","meta":{"footnotes":""},"categories":[63,55],"tags":[],"class_list":["post-82129","post","type-post","status-publish","format-gallery","has-post-thumbnail","hentry","category-cultura","category-nacionales","post_format-post-format-gallery"],"_links":{"self":[{"href":"https:\/\/eldiarioantillano.com\/uno\/wp-json\/wp\/v2\/posts\/82129","targetHints":{"allow":["GET"]}}],"collection":[{"href":"https:\/\/eldiarioantillano.com\/uno\/wp-json\/wp\/v2\/posts"}],"about":[{"href":"https:\/\/eldiarioantillano.com\/uno\/wp-json\/wp\/v2\/types\/post"}],"author":[{"embeddable":true,"href":"https:\/\/eldiarioantillano.com\/uno\/wp-json\/wp\/v2\/users\/2"}],"replies":[{"embeddable":true,"href":"https:\/\/eldiarioantillano.com\/uno\/wp-json\/wp\/v2\/comments?post=82129"}],"version-history":[{"count":1,"href":"https:\/\/eldiarioantillano.com\/uno\/wp-json\/wp\/v2\/posts\/82129\/revisions"}],"predecessor-version":[{"id":82147,"href":"https:\/\/eldiarioantillano.com\/uno\/wp-json\/wp\/v2\/posts\/82129\/revisions\/82147"}],"wp:featuredmedia":[{"embeddable":true,"href":"https:\/\/eldiarioantillano.com\/uno\/wp-json\/wp\/v2\/media\/82146"}],"wp:attachment":[{"href":"https:\/\/eldiarioantillano.com\/uno\/wp-json\/wp\/v2\/media?parent=82129"}],"wp:term":[{"taxonomy":"category","embeddable":true,"href":"https:\/\/eldiarioantillano.com\/uno\/wp-json\/wp\/v2\/categories?post=82129"},{"taxonomy":"post_tag","embeddable":true,"href":"https:\/\/eldiarioantillano.com\/uno\/wp-json\/wp\/v2\/tags?post=82129"}],"curies":[{"name":"wp","href":"https:\/\/api.w.org\/{rel}","templated":true}]}}