{"id":82110,"date":"2026-09-06T00:02:46","date_gmt":"2026-09-06T04:02:46","guid":{"rendered":"https:\/\/eldiarioantillano.com\/uno\/?p=82110"},"modified":"2026-09-04T21:50:43","modified_gmt":"2026-09-05T01:50:43","slug":"que-pasa-con-el-premio-nacional-de-periodismo","status":"publish","type":"post","link":"https:\/\/eldiarioantillano.com\/uno\/2026\/09\/06\/que-pasa-con-el-premio-nacional-de-periodismo\/","title":{"rendered":"\u00bfQu\u00e9 pasa con el Premio Nacional de Periodismo?"},"content":{"rendered":"<p>Por PATRICIA ARACHE<\/p>\n<p><img decoding=\"async\" class=\"alignright size-thumbnail wp-image-80547\" src=\"https:\/\/eldiarioantillano.com\/uno\/wp-content\/uploads\/2026\/06\/Patricia-Arache2-150x150.jpg\" alt=\"\" width=\"150\" height=\"150\" \/>El Premio Nacional de Periodismo es la m\u00e1xima distinci\u00f3n que el Estado dominicano confiere a quienes han dedicado su vida a informar con rigor, interpretar la realidad con responsabilidad y defender la democracia desde la palabra, sin embargo, desde el a\u00f1o 2023, este galard\u00f3n parece haber quedado atrapado en un inexplicable vac\u00edo institucional.<\/p>\n<p>Tres profesionales de peso, Manuel Quiroz, Quiterio Cede\u00f1o y An\u00edbal de Castro, han sido proclamados como ganadores en a\u00f1os sucesivos hasta este 2026, pero ninguno ha recibido el pergamino oficial ni el mill\u00f3n de pesos que corresponde a quien resulta seleccionado por un jurado especial.<\/p>\n<p>El premio es un reconocimiento hacia quienes han ejercido el oficio con valent\u00eda y compromiso y no honrarlo con la entrega correspondiente resulta, a todas luces, un agravio, no solo a los galardonados, sino a la comunidad period\u00edstica en sentido general y, por extensi\u00f3n, a la sociedad misma.<\/p>\n<p>El m\u00e1s reciente de los seleccionados que no ha recibido el Premio es el presidente y director del Grupo Diario Libre, exembajador, An\u00edbal de Castro (2026). Le anteceden en igual condici\u00f3n Manuel Quiterio Cede\u00f1o (2025), archiconocido por sus aportes a la academia y al periodismo de turismo en el pa\u00eds, y el veterano Manuel Quiroz (2024).<\/p>\n<p>El periodismo dominicano ha sido, hist\u00f3ricamente, un contrapeso fundamental para la salud democr\u00e1tica de la naci\u00f3n y, el Estado dominicano lo reconoce al instituir y otorgar el Premio Nacional de Periodismo como su m\u00e1xima distinci\u00f3n a la trayectoria, \u00e9tica y apego a la verdad.<\/p>\n<p>En esta etapa de libertades plenas y respeto institucional, llama mucho la atenci\u00f3n que lo que debi\u00f3 consolidarse como una celebraci\u00f3n anual, una fiesta de la libertad de prensa, haya ca\u00eddo en un preocupante olvido.<\/p>\n<p>Este galard\u00f3n experimenta hoy una profunda paradoja, en la que, por un lado, se anuncian los ganadores con j\u00fabilo, y por el otro, se obvian los actos de consagraci\u00f3n formal, sin que nadie brinde una explicaci\u00f3n de lo que estar\u00eda ocurriendo.<\/p>\n<p>Y las preguntas obligadas son: \u00bfQu\u00e9 est\u00e1 pasando con el Premio Nacional de Periodismo? \u00bfPor qu\u00e9 se han acumulado tres ediciones sin que se haya ejecutado el protocolo de entrega establecido?<\/p>\n<p>La ausencia de informaci\u00f3n oficial ha dado paso a especulaciones. \u00bfSe trata de un retraso administrativo? \u00bfUn descuido presupuestario? \u00bfO un s\u00edntoma de desinter\u00e9s hacia el cuarto poder? Ninguna autoridad ha respondido.<\/p>\n<p>Este incumplimiento no parece ser un simple retraso de agenda. M\u00e1s bien, luce como un s\u00edntoma de inmerecido descuido institucional hacia el cuarto poder y una debilidad ejecutiva de quienes tienen la responsabilidad de llevar a cabo la entrega, cuyo acto deber\u00e1 encabezar el presidente de la Rep\u00fablica, Luis Rodolfo Abinader Corona.<\/p>\n<p>Cumplir con la entrega formal del Premio Nacional de Periodismo, 2024, 2025 y 2026, a Manuel Quiroz, Quiterio Cede\u00f1o y An\u00edbal de Castro es una deuda urgente para saldar un gran descuido con la prensa dominicana.<\/p>\n<p>El Colegio Dominicano de Periodistas, junto con las autoridades estatales responsables, ha optado por el silencio. Ninguna explicaci\u00f3n, ning\u00fan cronograma, ninguna se\u00f1al de voluntad.<\/p>\n<p>El Estado, a trav\u00e9s de sus Ministerios de Educaci\u00f3n (MINERD) y de Cultura (MiculturaRD), as\u00ed como el CDP tienen una deuda pendiente con el periodismo nacional, porque no se trata solo de entregar un cheque y un pergamino a quien haya sido escogido; sino, tambi\u00e9n, de restituir la confianza en que los reconocimientos oficiales no son simples formalidades ni ret\u00f3ricas bulteras, sino compromisos reales, que se cumplen.<\/p>\n<p>El Premio Nacional de Periodismo no es un favor. Es un acto de justicia y la justicia, cuando se posterga, se convierte en injusticia, porque, como es bien sabido, \u201cjusticia retrasada es justicia denegada\u201d.<\/p>\n<p>&nbsp;<\/p>\n<p>&nbsp;<\/p>\n","protected":false},"excerpt":{"rendered":"<p>Por PATRICIA ARACHE El Premio Nacional de Periodismo es la m\u00e1xima distinci\u00f3n que el Estado&hellip;<\/p>\n","protected":false},"author":2,"featured_media":80547,"comment_status":"open","ping_status":"closed","sticky":false,"template":"","format":"standard","meta":{"footnotes":""},"categories":[51,65],"tags":[],"class_list":["post-82110","post","type-post","status-publish","format-standard","has-post-thumbnail","hentry","category-opinion","category-patricia-arache"],"_links":{"self":[{"href":"https:\/\/eldiarioantillano.com\/uno\/wp-json\/wp\/v2\/posts\/82110","targetHints":{"allow":["GET"]}}],"collection":[{"href":"https:\/\/eldiarioantillano.com\/uno\/wp-json\/wp\/v2\/posts"}],"about":[{"href":"https:\/\/eldiarioantillano.com\/uno\/wp-json\/wp\/v2\/types\/post"}],"author":[{"embeddable":true,"href":"https:\/\/eldiarioantillano.com\/uno\/wp-json\/wp\/v2\/users\/2"}],"replies":[{"embeddable":true,"href":"https:\/\/eldiarioantillano.com\/uno\/wp-json\/wp\/v2\/comments?post=82110"}],"version-history":[{"count":1,"href":"https:\/\/eldiarioantillano.com\/uno\/wp-json\/wp\/v2\/posts\/82110\/revisions"}],"predecessor-version":[{"id":82111,"href":"https:\/\/eldiarioantillano.com\/uno\/wp-json\/wp\/v2\/posts\/82110\/revisions\/82111"}],"wp:featuredmedia":[{"embeddable":true,"href":"https:\/\/eldiarioantillano.com\/uno\/wp-json\/wp\/v2\/media\/80547"}],"wp:attachment":[{"href":"https:\/\/eldiarioantillano.com\/uno\/wp-json\/wp\/v2\/media?parent=82110"}],"wp:term":[{"taxonomy":"category","embeddable":true,"href":"https:\/\/eldiarioantillano.com\/uno\/wp-json\/wp\/v2\/categories?post=82110"},{"taxonomy":"post_tag","embeddable":true,"href":"https:\/\/eldiarioantillano.com\/uno\/wp-json\/wp\/v2\/tags?post=82110"}],"curies":[{"name":"wp","href":"https:\/\/api.w.org\/{rel}","templated":true}]}}