{"id":82107,"date":"2026-09-05T00:02:52","date_gmt":"2026-09-05T04:02:52","guid":{"rendered":"https:\/\/eldiarioantillano.com\/uno\/?p=82107"},"modified":"2026-09-04T18:17:28","modified_gmt":"2026-09-04T22:17:28","slug":"elogian-impacto-de-escuela-haitiana-de-musica-en-campamento-veraniego","status":"publish","type":"post","link":"https:\/\/eldiarioantillano.com\/uno\/2026\/09\/05\/elogian-impacto-de-escuela-haitiana-de-musica-en-campamento-veraniego\/","title":{"rendered":"Elogian impacto de escuela haitiana de m\u00fasica en campamento veraniego"},"content":{"rendered":"<div class=\"elementor-element elementor-element-5a38e61 e-flex e-con-boxed e-con e-child\" data-id=\"5a38e61\" data-element_type=\"container\" data-e-type=\"container\">\n<div class=\"e-con-inner\">\n<div class=\"elementor-element elementor-element-d2a4feb elementor-widget elementor-widget-theme-post-excerpt\" data-id=\"d2a4feb\" data-element_type=\"widget\" data-e-type=\"widget\" data-widget_type=\"theme-post-excerpt.default\">\n<p class=\"elementor-widget-container\">Puerto Pr\u00edncipe (Prensa Latina) Directivos haitianos valoraron la actuaci\u00f3n este \u00faltimo verano de la Escuela de M\u00fasica de Marmelade, liderada por 37 profesores nacionales y extranjeros, pese a la crisis de violencia que vive hoy el pa\u00eds, publica un diario local.<\/p>\n<\/div>\n<\/div>\n<\/div>\n<div class=\"elementor-element elementor-element-f5ec5bf e-flex e-con-boxed e-con e-child\" data-id=\"f5ec5bf\" data-element_type=\"container\" data-e-type=\"container\">\n<div class=\"e-con-inner\">\n<p>Unos 400 estudiantes e instructores de esa ense\u00f1anza compartieron sus conocimientos culturales e hicieron vibrar con su m\u00fasica esa hist\u00f3rica ciudad del norte\u00f1o departamento de Artibonito, declar\u00f3 el director del centro, Wilbens Pierre, seg\u00fan Le Nouvelliste.<\/p>\n<p>\u201cDurante este \u00faltimo campamento de verano de la escuela, j\u00f3venes y ni\u00f1os de la comunidad se mostraron felices de conocer y trabajar con profesores haitianos e internacionales\u201d, a\u00f1adi\u00f3 el directivo al cierre de la estancia veraniega en aquella regi\u00f3n.<\/p>\n<p>Seg\u00fan Pierre, la actuaci\u00f3n de la escuela, bajo el lema \u201cFloreciendo en los tiempos m\u00e1s dif\u00edciles\u201d, logr\u00f3 \u00abmucho m\u00e1s que un simple aporte t\u00e9cnico y docente, una herramienta para fomentar la paz, la cohesi\u00f3n social y el desarrollo personal de los j\u00f3venes y la comunidad\u201d.<\/p>\n<p>Los padres de esa regi\u00f3n \u2014subray\u00f3\u2014 quedaron satisfechos con esta iniciativa, en especial por la variada actuaci\u00f3n del gran concierto ofrecido como cierre, mediante diversos conjuntos formados o perfeccionados durante el campamento.<\/p>\n<p>ool\/apb<\/p>\n<\/div>\n<\/div>\n","protected":false},"excerpt":{"rendered":"<p>Puerto Pr\u00edncipe (Prensa Latina) Directivos haitianos valoraron la actuaci\u00f3n este \u00faltimo verano de la Escuela&hellip;<\/p>\n","protected":false},"author":2,"featured_media":82108,"comment_status":"open","ping_status":"closed","sticky":false,"template":"","format":"standard","meta":{"footnotes":""},"categories":[52,53],"tags":[],"class_list":["post-82107","post","type-post","status-publish","format-standard","has-post-thumbnail","hentry","category-internacionales","category-prensa-latina"],"_links":{"self":[{"href":"https:\/\/eldiarioantillano.com\/uno\/wp-json\/wp\/v2\/posts\/82107","targetHints":{"allow":["GET"]}}],"collection":[{"href":"https:\/\/eldiarioantillano.com\/uno\/wp-json\/wp\/v2\/posts"}],"about":[{"href":"https:\/\/eldiarioantillano.com\/uno\/wp-json\/wp\/v2\/types\/post"}],"author":[{"embeddable":true,"href":"https:\/\/eldiarioantillano.com\/uno\/wp-json\/wp\/v2\/users\/2"}],"replies":[{"embeddable":true,"href":"https:\/\/eldiarioantillano.com\/uno\/wp-json\/wp\/v2\/comments?post=82107"}],"version-history":[{"count":1,"href":"https:\/\/eldiarioantillano.com\/uno\/wp-json\/wp\/v2\/posts\/82107\/revisions"}],"predecessor-version":[{"id":82109,"href":"https:\/\/eldiarioantillano.com\/uno\/wp-json\/wp\/v2\/posts\/82107\/revisions\/82109"}],"wp:featuredmedia":[{"embeddable":true,"href":"https:\/\/eldiarioantillano.com\/uno\/wp-json\/wp\/v2\/media\/82108"}],"wp:attachment":[{"href":"https:\/\/eldiarioantillano.com\/uno\/wp-json\/wp\/v2\/media?parent=82107"}],"wp:term":[{"taxonomy":"category","embeddable":true,"href":"https:\/\/eldiarioantillano.com\/uno\/wp-json\/wp\/v2\/categories?post=82107"},{"taxonomy":"post_tag","embeddable":true,"href":"https:\/\/eldiarioantillano.com\/uno\/wp-json\/wp\/v2\/tags?post=82107"}],"curies":[{"name":"wp","href":"https:\/\/api.w.org\/{rel}","templated":true}]}}