{"id":82101,"date":"2026-09-05T00:02:21","date_gmt":"2026-09-05T04:02:21","guid":{"rendered":"https:\/\/eldiarioantillano.com\/uno\/?p=82101"},"modified":"2026-09-04T18:12:46","modified_gmt":"2026-09-04T22:12:46","slug":"republica-dominicana-las-cifras-crecen-y-el-bolsillo-no-lo-siente","status":"publish","type":"post","link":"https:\/\/eldiarioantillano.com\/uno\/2026\/09\/05\/republica-dominicana-las-cifras-crecen-y-el-bolsillo-no-lo-siente\/","title":{"rendered":"Rep\u00fablica Dominicana: las cifras crecen y el bolsillo no lo siente"},"content":{"rendered":"<div class=\"elementor-element elementor-element-4dc12ff4 elementor-widget elementor-widget-theme-post-excerpt\" data-id=\"4dc12ff4\" data-element_type=\"widget\" data-widget_type=\"theme-post-excerpt.default\">\n<p>Por Mariela P\u00e9rez Valenzuela<br \/>\nCorresponsal jefa de Prensa Latina en Rep\u00fablica Dominicana<\/p>\n<p>&nbsp;<\/p>\n<p class=\"elementor-widget-container\">Santo Domingo (Prensa Latina) Rep\u00fablica Dominicana vuelve a mostrar una econom\u00eda en expansi\u00f3n. El dato m\u00e1s reciente es elocuente: el Indicador Mensual de Actividad Econ\u00f3mica (IMAE) creci\u00f3 4,6 por ciento interanual en julio y acumul\u00f3 4,5 por ciento durante los primeros siete meses del a\u00f1o, mientras el Producto Interno Bruto (PIB) fue de 2,1 por ciento en 2025.<\/p>\n<p>Construcci\u00f3n, zonas francas, manufactura y servicios aparecen entre los motores de esta actividad. La construcci\u00f3n creci\u00f3 8,1 por ciento en julio, mientras los servicios financieros, las zonas francas y hoteles, bares y restaurantes tambi\u00e9n registraron avances. El turismo mantiene su dinamismo, con casi 5,9 millones de visitantes internacionales entre enero y julio.<\/p>\n<p>Son indicadores que describen una econom\u00eda que recupera velocidad. Pero existe otra Rep\u00fablica Dominicana, la que se mide al final del mes con una calculadora dom\u00e9stica.<\/p>\n<p>La inflaci\u00f3n interanual se situ\u00f3 en 5,47 por ciento en julio y la acumulada en 2,21 por ciento. El Banco Central mantiene una meta de incremento del nivel de precios de 4.0 por ciento, con un rango de tolerancia de un punto porcentual.<\/p>\n<p>La variaci\u00f3n mensual de julio, de apenas 0,19 por ciento, confirma que las presiones sobre los costos se han moderado.<\/p>\n<p>Pero una menor inflaci\u00f3n no significa que los valores bajen ni que regresen a los niveles anteriores, coinciden en se\u00f1alar analistas locales. Representa simplemente que aumentan a un ritmo m\u00e1s lento.<\/p>\n<p>La diferencia, aunque pueda parecer t\u00e9cnica, tiene una traducci\u00f3n concreta para los hogares: el dinero debe seguir alcanzando para alimentos, transporte, vivienda, educaci\u00f3n y servicios que ya acumularon subidas.<\/p>\n<p>La canasta familiar nacional pas\u00f3 de 48 mil 734 pesos (unos 829 d\u00f3lares) en enero a 49 mil 613 (844 d\u00f3lares) en julio. Son unos 15 d\u00f3lares m\u00e1s, equivalentes a un ascenso de 1,8 por ciento en siete meses.<\/p>\n<p>Los avances salariales y el elevado nivel de ocupaci\u00f3n constituyen tambi\u00e9n argumentos a favor del desempe\u00f1o econ\u00f3mico que exhibe el Gobierno.<\/p>\n<p>Pero ah\u00ed comienza una discusi\u00f3n que trasciende las estad\u00edsticas: \u00bfcu\u00e1nto de esa mejora en los ingresos se convierte en mayor capacidad de compra? Es una de las interrogantes que plantean especialistas al analizar la evoluci\u00f3n de la econom\u00eda dominicana.<\/p>\n<p>La pregunta adquiere mayor relevancia en una econom\u00eda donde, durante el primer trimestre de 2026, la tasa de informalidad fue de 54,1 por ciento.<\/p>\n<p>De los 118 mil 631 nuevos ocupados respecto a igual per\u00edodo del a\u00f1o anterior, 98 mil 127 fueron trabajadores no registrados y solo 20 mil 504 formales.<\/p>\n<p>El empleo informal actual se encuentra ligeramente por debajo del promedio hist\u00f3rico de 56,7 por ciento calculado desde 2014, por lo que no puede hablarse de un deterioro general del mercado laboral.<\/p>\n<p>Aunque s\u00ed revela una dificultad: la expansi\u00f3n econ\u00f3mica no genera todos sus nuevos puestos de trabajo bajo las mismas condiciones de estabilidad, protecci\u00f3n social e ingresos.<\/p>\n<p>Y es precisamente ah\u00ed donde la macroeconom\u00eda comienza a encontrarse con la econom\u00eda familiar.<\/p>\n<p>CRECER NO BASTA<\/p>\n<p>Tres economistas dominicanos ofrecieron recientemente lecturas diferentes sobre el desempe\u00f1o de la econom\u00eda durante los seis a\u00f1os de gobierno de Luis Abinader.<\/p>\n<p>Jaime Aristy Escuder y Alejandro Grisanti valoraron favorablemente la recuperaci\u00f3n, mientras Ysrael Abreu adopt\u00f3 una posici\u00f3n m\u00e1s cr\u00edtica y llam\u00f3 la atenci\u00f3n sobre los problemas de empleo, salarios, deuda y costo de vida.<\/p>\n<p>El propio debate demostr\u00f3 que medir el desempe\u00f1o econ\u00f3mico \u00fanicamente por su ritmo de expansi\u00f3n resulta insuficiente.<\/p>\n<p>El IMAE puede indicar cu\u00e1nto avanza la actividad, pero no cu\u00e1nto queda disponible despu\u00e9s de pagar la compra. Tampoco muestra si un nuevo empleo permite ahorrar, acceder a una vivienda o enfrentar una emergencia sin recurrir al endeudamiento.<\/p>\n<p>Una econom\u00eda puede expandirse y, al mismo tiempo, una familia sentir que sus ingresos siguen siendo insuficientes.<\/p>\n<p>Por eso resulta pertinente la reflexi\u00f3n del Banco Interamericano de Desarrollo (BID), cuya representante en Rep\u00fablica Dominicana, Nathalie Alvarado, resumi\u00f3 recientemente el desaf\u00edo con una frase que bien podr\u00eda servir como hoja de ruta: \u201cNo se trata solo de crecer m\u00e1s, se trata de crecer mejor\u201d.<\/p>\n<p>La afirmaci\u00f3n cobra especial relevancia para un pa\u00eds que durante a\u00f1os ha demostrado capacidad para atraer inversi\u00f3n, desarrollar el turismo y expandir las zonas francas.<\/p>\n<p>EL SIGUIENTE DESAF\u00cdO ES M\u00c1S COMPLEJO<\/p>\n<p>Se trata de elevar la productividad, generar m\u00e1s empleos formales, fortalecer los salarios reales y evitar que el costo de los bienes esenciales absorba buena parte de esas mejoras. Tambi\u00e9n supone discutir c\u00f3mo se distribuyen los beneficios.<\/p>\n<p>No todos los dominicanos viven el desempe\u00f1o econ\u00f3mico de la misma manera. Un empresario puede percibir una mayor demanda, una constructora m\u00e1s proyectos y un establecimiento tur\u00edstico m\u00e1s visitantes. Para un trabajador, la medida puede ser otra: cu\u00e1nto recibi\u00f3 este mes y cu\u00e1nto le cost\u00f3 vivir.<\/p>\n<p>Esa distancia entre ambas percepciones explica buena parte del debate econ\u00f3mico.<\/p>\n<p>El Gobierno puede mostrar expansi\u00f3n, inversi\u00f3n, empleo e incrementos salariales. La oposici\u00f3n puede se\u00f1alar el costo de vida y cuestionar la distribuci\u00f3n de los beneficios. Los economistas pueden discrepar sobre la gesti\u00f3n.<\/p>\n<p>Mientras tanto, las familias hacen su propia evaluaci\u00f3n. La realizan frente al supermercado, al pagar el alquiler, comprar medicamentos, llenar el tanque del veh\u00edculo o preparar el presupuesto para el regreso a clases. Ah\u00ed las grandes cifras adquieren su verdadero significado.<\/p>\n<p>Rep\u00fablica Dominicana no enfrenta hoy el dilema de cobrar dinamismo o no. Los datos muestran que varios de sus principales sectores productivos recuperan fuerza.<\/p>\n<p>El verdadero desaf\u00edo consiste en lograr que esa evoluci\u00f3n genere bienestar, m\u00e1s oportunidades que desigualdad y mayor poder adquisitivo para los hogares.<\/p>\n<p>No se trata de negar los resultados, coinciden en se\u00f1alar expertos, sino de preguntarse qu\u00e9 ocurre despu\u00e9s de la cifra, porque una econom\u00eda gana fuerza de verdad para su poblaci\u00f3n cuando el aumento del PIB deja de ser solamente una buena noticia en los informes y comienza a traducirse en la vida cotidiana. Al final, la prueba m\u00e1s sencilla de cualquier modelo econ\u00f3mico no est\u00e1 en una tabla estad\u00edstica, sino en la respuesta que puede dar una familia cuando llega el final del mes: \u00bfAlcanz\u00f3 el dinero?<\/p>\n<p>arb\/mpv<\/p>\n<\/div>\n<div class=\"elementor-element elementor-element-66d77f4c elementor-widget elementor-widget-post-info\" data-id=\"66d77f4c\" data-element_type=\"widget\" data-widget_type=\"post-info.default\">\n<div class=\"elementor-widget-container\">\n<p>&nbsp;<\/p>\n<\/div>\n<\/div>\n","protected":false},"excerpt":{"rendered":"<p>Por Mariela P\u00e9rez Valenzuela Corresponsal jefa de Prensa Latina en Rep\u00fablica Dominicana &nbsp; Santo Domingo&hellip;<\/p>\n","protected":false},"author":2,"featured_media":82102,"comment_status":"open","ping_status":"closed","sticky":false,"template":"","format":"standard","meta":{"footnotes":""},"categories":[55,53],"tags":[],"class_list":["post-82101","post","type-post","status-publish","format-standard","has-post-thumbnail","hentry","category-nacionales","category-prensa-latina"],"_links":{"self":[{"href":"https:\/\/eldiarioantillano.com\/uno\/wp-json\/wp\/v2\/posts\/82101","targetHints":{"allow":["GET"]}}],"collection":[{"href":"https:\/\/eldiarioantillano.com\/uno\/wp-json\/wp\/v2\/posts"}],"about":[{"href":"https:\/\/eldiarioantillano.com\/uno\/wp-json\/wp\/v2\/types\/post"}],"author":[{"embeddable":true,"href":"https:\/\/eldiarioantillano.com\/uno\/wp-json\/wp\/v2\/users\/2"}],"replies":[{"embeddable":true,"href":"https:\/\/eldiarioantillano.com\/uno\/wp-json\/wp\/v2\/comments?post=82101"}],"version-history":[{"count":1,"href":"https:\/\/eldiarioantillano.com\/uno\/wp-json\/wp\/v2\/posts\/82101\/revisions"}],"predecessor-version":[{"id":82103,"href":"https:\/\/eldiarioantillano.com\/uno\/wp-json\/wp\/v2\/posts\/82101\/revisions\/82103"}],"wp:featuredmedia":[{"embeddable":true,"href":"https:\/\/eldiarioantillano.com\/uno\/wp-json\/wp\/v2\/media\/82102"}],"wp:attachment":[{"href":"https:\/\/eldiarioantillano.com\/uno\/wp-json\/wp\/v2\/media?parent=82101"}],"wp:term":[{"taxonomy":"category","embeddable":true,"href":"https:\/\/eldiarioantillano.com\/uno\/wp-json\/wp\/v2\/categories?post=82101"},{"taxonomy":"post_tag","embeddable":true,"href":"https:\/\/eldiarioantillano.com\/uno\/wp-json\/wp\/v2\/tags?post=82101"}],"curies":[{"name":"wp","href":"https:\/\/api.w.org\/{rel}","templated":true}]}}