{"id":82098,"date":"2026-09-04T18:08:52","date_gmt":"2026-09-04T22:08:52","guid":{"rendered":"https:\/\/eldiarioantillano.com\/uno\/?p=82098"},"modified":"2026-09-04T18:08:52","modified_gmt":"2026-09-04T22:08:52","slug":"farmacia-pueblo-promueve-examenes-gratuitos-este-sabado-en-montecristi","status":"publish","type":"post","link":"https:\/\/eldiarioantillano.com\/uno\/2026\/09\/04\/farmacia-pueblo-promueve-examenes-gratuitos-este-sabado-en-montecristi\/","title":{"rendered":"Farmacia Pueblo promueve ex\u00e1menes gratuitos este s\u00e1bado en Montecristi"},"content":{"rendered":"<div id=\":9v\" class=\"ii gt\">\n<div id=\":9u\" class=\"a3s aiL \">\n<div id=\"avWBGd-20\">\n<div dir=\"auto\">La jornada m\u00e9dica se realiza en colaboraci\u00f3n con el Instituto Dermatol\u00f3gico e incluye medicamentos sin costo para los pacientes.<\/div>\n<div class=\"yj6qo\"><\/div>\n<div class=\"adL\"><\/div>\n<\/div>\n<\/div>\n<\/div>\n<div id=\":a6\" class=\"hq gt \"><\/div>\n","protected":false},"excerpt":{"rendered":"<p>La jornada m\u00e9dica se realiza en colaboraci\u00f3n con el Instituto Dermatol\u00f3gico e incluye medicamentos sin&hellip;<\/p>\n","protected":false},"author":2,"featured_media":82099,"comment_status":"open","ping_status":"closed","sticky":false,"template":"","format":"standard","meta":{"footnotes":""},"categories":[57],"tags":[],"class_list":["post-82098","post","type-post","status-publish","format-standard","has-post-thumbnail","hentry","category-montecristi"],"_links":{"self":[{"href":"https:\/\/eldiarioantillano.com\/uno\/wp-json\/wp\/v2\/posts\/82098","targetHints":{"allow":["GET"]}}],"collection":[{"href":"https:\/\/eldiarioantillano.com\/uno\/wp-json\/wp\/v2\/posts"}],"about":[{"href":"https:\/\/eldiarioantillano.com\/uno\/wp-json\/wp\/v2\/types\/post"}],"author":[{"embeddable":true,"href":"https:\/\/eldiarioantillano.com\/uno\/wp-json\/wp\/v2\/users\/2"}],"replies":[{"embeddable":true,"href":"https:\/\/eldiarioantillano.com\/uno\/wp-json\/wp\/v2\/comments?post=82098"}],"version-history":[{"count":1,"href":"https:\/\/eldiarioantillano.com\/uno\/wp-json\/wp\/v2\/posts\/82098\/revisions"}],"predecessor-version":[{"id":82100,"href":"https:\/\/eldiarioantillano.com\/uno\/wp-json\/wp\/v2\/posts\/82098\/revisions\/82100"}],"wp:featuredmedia":[{"embeddable":true,"href":"https:\/\/eldiarioantillano.com\/uno\/wp-json\/wp\/v2\/media\/82099"}],"wp:attachment":[{"href":"https:\/\/eldiarioantillano.com\/uno\/wp-json\/wp\/v2\/media?parent=82098"}],"wp:term":[{"taxonomy":"category","embeddable":true,"href":"https:\/\/eldiarioantillano.com\/uno\/wp-json\/wp\/v2\/categories?post=82098"},{"taxonomy":"post_tag","embeddable":true,"href":"https:\/\/eldiarioantillano.com\/uno\/wp-json\/wp\/v2\/tags?post=82098"}],"curies":[{"name":"wp","href":"https:\/\/api.w.org\/{rel}","templated":true}]}}