{"id":82094,"date":"2026-09-04T18:07:18","date_gmt":"2026-09-04T22:07:18","guid":{"rendered":"https:\/\/eldiarioantillano.com\/uno\/?p=82094"},"modified":"2026-09-04T22:47:02","modified_gmt":"2026-09-05T02:47:02","slug":"ministros-de-relaciones-exteriores-de-rd-y-haiti-se-reunen-en-dajabon","status":"publish","type":"post","link":"https:\/\/eldiarioantillano.com\/uno\/2026\/09\/04\/ministros-de-relaciones-exteriores-de-rd-y-haiti-se-reunen-en-dajabon\/","title":{"rendered":"Ministros de Relaciones Exteriores de RD y Hait\u00ed se re\u00fanen en Dajab\u00f3n"},"content":{"rendered":"<p>Los funcionarios hablaron sobre intercambio comercial, seguridad, migraci\u00f3n y otros problemas comunes.<\/p>\n<p>Fuente: Melvin Toribio.<\/p>\n<p>&nbsp;<\/p>\n","protected":false},"excerpt":{"rendered":"<p>Los funcionarios hablaron sobre intercambio comercial, seguridad, migraci\u00f3n y otros problemas comunes. Fuente: Melvin Toribio.&hellip;<\/p>\n","protected":false},"author":2,"featured_media":82095,"comment_status":"open","ping_status":"closed","sticky":false,"template":"","format":"video","meta":{"footnotes":""},"categories":[55],"tags":[],"class_list":["post-82094","post","type-post","status-publish","format-video","has-post-thumbnail","hentry","category-nacionales","post_format-post-format-video"],"_links":{"self":[{"href":"https:\/\/eldiarioantillano.com\/uno\/wp-json\/wp\/v2\/posts\/82094","targetHints":{"allow":["GET"]}}],"collection":[{"href":"https:\/\/eldiarioantillano.com\/uno\/wp-json\/wp\/v2\/posts"}],"about":[{"href":"https:\/\/eldiarioantillano.com\/uno\/wp-json\/wp\/v2\/types\/post"}],"author":[{"embeddable":true,"href":"https:\/\/eldiarioantillano.com\/uno\/wp-json\/wp\/v2\/users\/2"}],"replies":[{"embeddable":true,"href":"https:\/\/eldiarioantillano.com\/uno\/wp-json\/wp\/v2\/comments?post=82094"}],"version-history":[{"count":2,"href":"https:\/\/eldiarioantillano.com\/uno\/wp-json\/wp\/v2\/posts\/82094\/revisions"}],"predecessor-version":[{"id":82117,"href":"https:\/\/eldiarioantillano.com\/uno\/wp-json\/wp\/v2\/posts\/82094\/revisions\/82117"}],"wp:featuredmedia":[{"embeddable":true,"href":"https:\/\/eldiarioantillano.com\/uno\/wp-json\/wp\/v2\/media\/82095"}],"wp:attachment":[{"href":"https:\/\/eldiarioantillano.com\/uno\/wp-json\/wp\/v2\/media?parent=82094"}],"wp:term":[{"taxonomy":"category","embeddable":true,"href":"https:\/\/eldiarioantillano.com\/uno\/wp-json\/wp\/v2\/categories?post=82094"},{"taxonomy":"post_tag","embeddable":true,"href":"https:\/\/eldiarioantillano.com\/uno\/wp-json\/wp\/v2\/tags?post=82094"}],"curies":[{"name":"wp","href":"https:\/\/api.w.org\/{rel}","templated":true}]}}