{"id":82072,"date":"2026-09-02T15:33:34","date_gmt":"2026-09-02T19:33:34","guid":{"rendered":"https:\/\/eldiarioantillano.com\/uno\/?p=82072"},"modified":"2026-09-02T15:41:26","modified_gmt":"2026-09-02T19:41:26","slug":"organizaciones-de-derechos-humanos-llaman-la-atencion-sobre-las-personas-desaparecidas","status":"publish","type":"post","link":"https:\/\/eldiarioantillano.com\/uno\/2026\/09\/02\/organizaciones-de-derechos-humanos-llaman-la-atencion-sobre-las-personas-desaparecidas\/","title":{"rendered":"Organizaciones de derechos humanos llaman la atenci\u00f3n sobre las personas desaparecidas"},"content":{"rendered":"<p>Este pasado 30 de agosto, D\u00eda Internacional de las Personas Desaparecidas, instituciones de derechos humanos y diferentes personalidades de la ciudadan\u00eda emitieron una declaraci\u00f3n conjunta sobre la situaci\u00f3n de las personas desaparecidas en la Rep\u00fablica Dominicana y la impunidad que rodea a varios de estos casos.\u00a0 A continuaci\u00f3n, reproducimos el texto \u00edntegro:<\/p>\n<p>&nbsp;<\/p>\n<p style=\"padding-left: 40px; text-align: center;\"><strong>Contra el olvido y la impunidad: Verdad, Justicia y B\u00fasqueda<\/strong><\/p>\n<p style=\"padding-left: 40px;\">Las y los abajo firmantes, organizaciones sociales, defensores de derechos humanos, familiares, acad\u00e9micos, ciudadanos y ciudadanas de la Rep\u00fablica Dominicana, nos pronunciamos en este D\u00eda Internacional de las Personas Desaparecidas.<\/p>\n<p style=\"padding-left: 40px;\">La memoria nos obliga.<br \/>\nRecordamos con dignidad a quienes el autoritarismo y la violencia pol\u00edtica arrancaron de sus comunidades.<br \/>\nAl Dr. Manuel Antonio Tejada Florentino, primer cardi\u00f3logo del pa\u00eds y miembro fundador del 14 de Junio, desaparecido el 19 de enero de 1960 por agentes del SIM de la dictadura de Trujillo.<br \/>\nA Henry Segarra Santos, dirigente del Movimiento Popular Dominicano, desaparecido a sus 25 a\u00f1os, el 25 de julio de 1969 en Dajab\u00f3n durante los \u00abDoce A\u00f1os de Balaguer\u00bb.<br \/>\nA Guido Gil, periodista y abogado desaparecido en 1967.<br \/>\nA Narciso Gonz\u00e1lez \u2014Narcisazo\u2014, profesor y voz cr\u00edtica desaparecida en 1994.<\/p>\n<p style=\"padding-left: 40px;\">Sus nombres atraviesan d\u00e9cadas distintas, pero nos recuerdan lo mismo: en Rep\u00fablica Dominicana la desaparici\u00f3n forzada se us\u00f3 como pol\u00edtica de terror y de silenciamiento. Hasta hoy sus familias no han tenido verdad, justicia, ni la recuperaci\u00f3n de sus restos.<\/p>\n<p style=\"padding-left: 40px;\">La realidad nos interpela pues la desaparici\u00f3n no termin\u00f3: cambi\u00f3 de rostro.<br \/>\nSeg\u00fan datos oficiales de la Direcci\u00f3n Central de Investigaci\u00f3n -DICRIM-, en los \u00faltimos 8 a\u00f1os se han reportado 4,171 personas desaparecidas en el pa\u00eds, de las cuales 241 permanecen desaparecidas. Y las cifras de m\u00e1s de 2,200 casos de ni\u00f1os, ni\u00f1as y adolescentes que siguen sin resolverse desde antes de 2022 nos golpean .<\/p>\n<p style=\"padding-left: 40px;\">Solo en 2025 se reportaron 1,310 casos, el a\u00f1o con m\u00e1s denuncias desde 2022. Entre enero y octubre de 2025 hubo 1,054 reportes oficiales, de los cuales 232 personas siguen ilocalizables.<\/p>\n<p style=\"padding-left: 40px;\">La mayor\u00eda de las desapariciones, afectan a adolescentes de 12 a 17 a\u00f1os (el 34.5% de los reportes) y ocurren en las provincias de Santo Domingo, el Distrito Nacional y Santiago.<br \/>\nHoy como ayer, quienes desaparecen provienen de sectores empobrecidos, son j\u00f3venes sin oportunidades, son mujeres y sabemos las causas: desaparecen por exclusi\u00f3n, por trata, por discriminaci\u00f3n y por abandono institucional.<\/p>\n<p style=\"padding-left: 40px;\">Desde los Derechos Humanos exigimos:<\/p>\n<ol>\n<li style=\"list-style-type: none;\">\n<ol>\n<li>Verdad: Crear un Registro Nacional \u00danico, p\u00fablico y desagregado de personas desaparecidas, con criterios de DDHH. Que las cifras oficiales coincidan y se publiquen.<\/li>\n<li>Justicia: Investigar con debida diligencia todos los casos, incluidos los hist\u00f3ricos desde la dictadura hasta la actualidad. Es necesario aplicar el Protocolo de B\u00fasqueda Inmediata en las primeras 24 horas as\u00ed como dotar de personal, tecnolog\u00eda y presupuesto a las unidades de b\u00fasqueda.<\/li>\n<li>Reparaci\u00f3n integral: Acompa\u00f1amiento psicosocial, legal y econ\u00f3mico a las familias. Cese de la revictimizaci\u00f3n institucional.<\/li>\n<li>Garant\u00edas de no repetici\u00f3n: Aprobar con urgencia una Ley Integral de B\u00fasqueda de Personas Desaparecidas. Atacar las causas estructurales: pobreza, deserci\u00f3n escolar, violencia y trata de personas.<\/li>\n<\/ol>\n<\/li>\n<\/ol>\n<p style=\"padding-left: 40px;\">Una sociedad que se precia de ser democr\u00e1tica no puede convivir con la ausencia. No podemos normalizar que cerca de tres personas sean reportadas como desaparecidas cada d\u00eda.<\/p>\n<p style=\"padding-left: 40px;\">Por el Dr.Tejada Florentino, por Henry Segarra, por todos los m\u00e1rtires de la resistencia antitrujillista y todas las v\u00edctimas de la represi\u00f3n pol\u00edtica de los doce a\u00f1os.<br \/>\nPor las 241 personas que hoy siguen sin aparecer y por las miles de familias que viven en la incertidumbre.<\/p>\n<p style=\"padding-left: 40px;\">\u00a1Que buscarlos sea pol\u00edtica de Estado!<br \/>\n\u00a1Ni olvido, ni perd\u00f3n, ni impunidad!<\/p>\n<p style=\"padding-left: 40px;\">Firmado:<br \/>\n&#8211; Ing. Manolo Tav\u00e1rez Mirabal &#8211; Presidente de la Fundaci\u00f3n Hermanas Mirabal<br \/>\n&#8211; Manuel Tejada Tabar &#8211; Presidente de la Fundaci\u00f3n Dr. Tejada Florentino<br \/>\n&#8211; \u2060Manuel Mar\u00eda Mercedes- Presidente de la Comisi\u00f3n Nacional de los Derechos Humanos<br \/>\n&#8211; \u2060Isabel Vargas- Presidenta de la Fundaci\u00f3n H\u00e9roes de Constanza , Maim\u00f3n y Estero Hondo<br \/>\n&#8211; \u2060Rosa Rita Alvarez<br \/>\n&#8211; \u2060Dra. Mariana Moreno Garc\u00eda<br \/>\n&#8211; \u2060Ram\u00f3n Ventura Camejo<br \/>\n&#8211; \u2060Dra Aura Celeste Fernandez<br \/>\n&#8211; \u2060Cesar P\u00e9rez<br \/>\n&#8211; \u2060Juan Cruz Trifolio<br \/>\n&#8211; \u2060Milagros Germ\u00e1n<br \/>\n&#8211; \u2060Jaime David Fern\u00e1ndez<br \/>\n&#8211; \u2060Dr Roberto Reyna Tejada<br \/>\n&#8211; \u2060Carlos Finke<br \/>\n&#8211; \u2060Minou Tav\u00e1rez Mirabal<br \/>\n&#8211; \u2060Temistocles Montas<br \/>\n&#8211; \u2060Luciano Bertozzo<br \/>\n&#8211; \u2060Claudio Caama\u00f1o V\u00e9lez<br \/>\n&#8211; \u2060Jos\u00e9 Antonio Rodr\u00edguez<br \/>\n&#8211; \u2060Juan Cruz Trifolio<br \/>\n&#8211; \u2060Monika Despradel<br \/>\n&#8211; \u2060Miguel Bezzi<br \/>\n&#8211; \u2060Dr Daniel Beltr\u00e9 L\u00f3pez<br \/>\n&#8211; \u2060Jaime R Fern\u00e1ndez Corominas<br \/>\n&#8211; \u2060Fernando Hiciano<br \/>\n&#8211; \u2060Dr Juan Marchena<br \/>\n&#8211; \u2060Roberto Rodr\u00edguez Estrella<br \/>\n&#8211; \u2060Lic Patricia Reyna<br \/>\n&#8211; \u2060Dr Onofre Rojas<br \/>\n&#8211; \u2060Diputado Charlie Mariotti Paz<br \/>\n&#8211; \u2060Padre Nino Ramos<br \/>\n&#8211; \u2060Dra Patricia Toribio<br \/>\n&#8211; \u2060Eduardo Mart\u00ednez Rodr\u00edguez<br \/>\n&#8211; \u2060Irina P\u00e9rez<br \/>\n&#8211; \u2060Vilma Monagas Miller<br \/>\n&#8211; \u2060Dr Reynaldo Peguero<br \/>\n&#8211; \u2060Lic Domingo Contreras<br \/>\n&#8211; \u2060Dr Nelson Rodriguez Monegro<br \/>\n&#8211; \u2060Virginia Antares Rodriguez<br \/>\n&#8211; \u2060Mayra Corominas<br \/>\n&#8211; \u2060Dra Rhina Reyes<br \/>\n&#8211; \u2060Patricia Doucoudrey<br \/>\n&#8211; \u2060Fernando Puig Miller<br \/>\n&#8211; \u2060Jacqueline Guzm\u00e1n Mirabal<br \/>\n&#8211; \u2060Yvonne Arias Corniel<br \/>\n&#8211; \u2060Juan Pe\u00f1a Uribe<br \/>\n&#8211; \u2060Jaime Enrique Fern\u00e1ndez Salcedo<br \/>\n&#8211; \u2060Manuel Salazar<br \/>\n&#8211; \u2060Dr Miguel Medina<br \/>\n&#8211; \u2060Thelma Patricia Almanzar<br \/>\n&#8211; \u2060Amin P\u00e9rez<br \/>\n&#8211; \u2060Horacio L\u00f3pez<br \/>\n&#8211; \u2060Guillermo Casado Doucoudray<br \/>\n&#8211; \u2060Josefina Almanzar<br \/>\n&#8211; \u2060Virtudes \u00c1lvarez<br \/>\n&#8211; \u2060William Galv\u00e1n<br \/>\n&#8211; \u2060Dr Jos\u00e9 Rafael Vargas<br \/>\n&#8211; \u2060Ing Jos\u00e9 Ignacio Tejada Tabar<br \/>\n&#8211; \u2060Jochy S\u00e1nchez<br \/>\n&#8211; \u2060Ana Sof\u00eda Tejada Tabar<br \/>\n&#8211; \u2060Sagrada Bujosa<br \/>\n&#8211; \u2060Josefina Espaillat<br \/>\n&#8211; \u2060Miguel Mej\u00eda ( MIU)<br \/>\n&#8211; \u2060Marta P\u00e9rez<br \/>\n&#8211; \u2060Jos\u00e9 Bujosa Mueses<br \/>\n&#8211; \u2060Fidel Soto<br \/>\n&#8211; \u2060Aquiles Castro<br \/>\n&#8211; \u2060Juan B Castillo<br \/>\n&#8211; \u2060Prof. Mar\u00eda Teresa Cabrera<br \/>\n&#8211; \u2060Andiel Galv\u00e1n<br \/>\n&#8211; \u2060Gabriel Galv\u00e1n<br \/>\n&#8211; \u2060Miguelina Crespo<br \/>\n&#8211; \u2060Juan Pablo Ortega<br \/>\n&#8211; \u2060Juan de Jes\u00fas Garc\u00eda (Ca\u00eda )<br \/>\n&#8211; \u2060Anny Garc\u00eda<br \/>\n&#8211; \u2060Guadalupe Valdez<br \/>\n&#8211; \u2060Tamara Valdez<br \/>\n&#8211; \u2060Luis A Jim\u00e9nez Canela<br \/>\n&#8211; \u2060Emelda Ramos.<\/p>\n<p style=\"padding-left: 40px;\">\n","protected":false},"excerpt":{"rendered":"<p>Este pasado 30 de agosto, D\u00eda Internacional de las Personas Desaparecidas, instituciones de derechos humanos&hellip;<\/p>\n","protected":false},"author":2,"featured_media":82073,"comment_status":"open","ping_status":"closed","sticky":false,"template":"","format":"standard","meta":{"footnotes":""},"categories":[55],"tags":[],"class_list":["post-82072","post","type-post","status-publish","format-standard","has-post-thumbnail","hentry","category-nacionales"],"_links":{"self":[{"href":"https:\/\/eldiarioantillano.com\/uno\/wp-json\/wp\/v2\/posts\/82072","targetHints":{"allow":["GET"]}}],"collection":[{"href":"https:\/\/eldiarioantillano.com\/uno\/wp-json\/wp\/v2\/posts"}],"about":[{"href":"https:\/\/eldiarioantillano.com\/uno\/wp-json\/wp\/v2\/types\/post"}],"author":[{"embeddable":true,"href":"https:\/\/eldiarioantillano.com\/uno\/wp-json\/wp\/v2\/users\/2"}],"replies":[{"embeddable":true,"href":"https:\/\/eldiarioantillano.com\/uno\/wp-json\/wp\/v2\/comments?post=82072"}],"version-history":[{"count":2,"href":"https:\/\/eldiarioantillano.com\/uno\/wp-json\/wp\/v2\/posts\/82072\/revisions"}],"predecessor-version":[{"id":82075,"href":"https:\/\/eldiarioantillano.com\/uno\/wp-json\/wp\/v2\/posts\/82072\/revisions\/82075"}],"wp:featuredmedia":[{"embeddable":true,"href":"https:\/\/eldiarioantillano.com\/uno\/wp-json\/wp\/v2\/media\/82073"}],"wp:attachment":[{"href":"https:\/\/eldiarioantillano.com\/uno\/wp-json\/wp\/v2\/media?parent=82072"}],"wp:term":[{"taxonomy":"category","embeddable":true,"href":"https:\/\/eldiarioantillano.com\/uno\/wp-json\/wp\/v2\/categories?post=82072"},{"taxonomy":"post_tag","embeddable":true,"href":"https:\/\/eldiarioantillano.com\/uno\/wp-json\/wp\/v2\/tags?post=82072"}],"curies":[{"name":"wp","href":"https:\/\/api.w.org\/{rel}","templated":true}]}}