{"id":82069,"date":"2026-09-03T00:02:54","date_gmt":"2026-09-03T04:02:54","guid":{"rendered":"https:\/\/eldiarioantillano.com\/uno\/?p=82069"},"modified":"2026-09-02T15:13:35","modified_gmt":"2026-09-02T19:13:35","slug":"cluster-turistico-de-montecristi-obtiene-su-rnc","status":"publish","type":"post","link":"https:\/\/eldiarioantillano.com\/uno\/2026\/09\/03\/cluster-turistico-de-montecristi-obtiene-su-rnc\/","title":{"rendered":"Cl\u00faster Tur\u00edstico de Montecristi obtiene su RNC"},"content":{"rendered":"<p>El Cl\u00faster Tur\u00edstico de Montecristi dio a conocer la obtenci\u00f3n de su Registro Nacional de Contribuyentes en un comunicado oficial, definiendo el hecho como un paso m\u00e1s en la concretaci\u00f3n del desarrollo tur\u00edstico, cultural y empresarial de la provincia.\u00a0 \u200bLa instituci\u00f3n, que se define como \u00abuna asociaci\u00f3n de beneficio p\u00fablico y sin fines de lucro, dedicada a la articulaci\u00f3n multisectorial, la preservaci\u00f3n del patrimonio hist\u00f3rico-cultural y el impulso del desarrollo ecotur\u00edstico y socioecon\u00f3mico sostenible de la provincia de Montecristi\u00bb, asegura que trabajar\u00e1 con autoridades, el empresariado y la comunidad montecriste\u00f1a para impulsar un desarrollo sostenible, bajo la actual presidencia del Lic.\u00a0H\u00e9ctor Armando Rodr\u00edguez Rosario.\u00a0\u200b<\/p>\n","protected":false},"excerpt":{"rendered":"<p>El Cl\u00faster Tur\u00edstico de Montecristi dio a conocer la obtenci\u00f3n de su Registro Nacional de&hellip;<\/p>\n","protected":false},"author":2,"featured_media":82070,"comment_status":"open","ping_status":"closed","sticky":false,"template":"","format":"standard","meta":{"footnotes":""},"categories":[57],"tags":[],"class_list":["post-82069","post","type-post","status-publish","format-standard","has-post-thumbnail","hentry","category-montecristi"],"_links":{"self":[{"href":"https:\/\/eldiarioantillano.com\/uno\/wp-json\/wp\/v2\/posts\/82069","targetHints":{"allow":["GET"]}}],"collection":[{"href":"https:\/\/eldiarioantillano.com\/uno\/wp-json\/wp\/v2\/posts"}],"about":[{"href":"https:\/\/eldiarioantillano.com\/uno\/wp-json\/wp\/v2\/types\/post"}],"author":[{"embeddable":true,"href":"https:\/\/eldiarioantillano.com\/uno\/wp-json\/wp\/v2\/users\/2"}],"replies":[{"embeddable":true,"href":"https:\/\/eldiarioantillano.com\/uno\/wp-json\/wp\/v2\/comments?post=82069"}],"version-history":[{"count":1,"href":"https:\/\/eldiarioantillano.com\/uno\/wp-json\/wp\/v2\/posts\/82069\/revisions"}],"predecessor-version":[{"id":82071,"href":"https:\/\/eldiarioantillano.com\/uno\/wp-json\/wp\/v2\/posts\/82069\/revisions\/82071"}],"wp:featuredmedia":[{"embeddable":true,"href":"https:\/\/eldiarioantillano.com\/uno\/wp-json\/wp\/v2\/media\/82070"}],"wp:attachment":[{"href":"https:\/\/eldiarioantillano.com\/uno\/wp-json\/wp\/v2\/media?parent=82069"}],"wp:term":[{"taxonomy":"category","embeddable":true,"href":"https:\/\/eldiarioantillano.com\/uno\/wp-json\/wp\/v2\/categories?post=82069"},{"taxonomy":"post_tag","embeddable":true,"href":"https:\/\/eldiarioantillano.com\/uno\/wp-json\/wp\/v2\/tags?post=82069"}],"curies":[{"name":"wp","href":"https:\/\/api.w.org\/{rel}","templated":true}]}}