{"id":82067,"date":"2026-09-03T00:03:56","date_gmt":"2026-09-03T04:03:56","guid":{"rendered":"https:\/\/eldiarioantillano.com\/uno\/?p=82067"},"modified":"2026-09-02T11:05:54","modified_gmt":"2026-09-02T15:05:54","slug":"papa-leon-xiv-califico-de-terrible-masacre-haitiana-de-kenscoff","status":"publish","type":"post","link":"https:\/\/eldiarioantillano.com\/uno\/2026\/09\/03\/papa-leon-xiv-califico-de-terrible-masacre-haitiana-de-kenscoff\/","title":{"rendered":"Papa Le\u00f3n XIV calific\u00f3 de \u201cterrible\u201d masacre haitiana de Kenscoff"},"content":{"rendered":"<div class=\"elementor-element elementor-element-5a38e61 e-flex e-con-boxed e-con e-child\" data-id=\"5a38e61\" data-element_type=\"container\" data-e-type=\"container\">\n<div class=\"e-con-inner\">\n<div class=\"elementor-element elementor-element-d2a4feb elementor-widget elementor-widget-theme-post-excerpt\" data-id=\"d2a4feb\" data-element_type=\"widget\" data-e-type=\"widget\" data-widget_type=\"theme-post-excerpt.default\">\n<p class=\"elementor-widget-container\">Puerto Pr\u00edncipe (Prensa Latina) El Papa Le\u00f3n XIV caracteriz\u00f3 de \u201cterrible\u201d el ataque en Hait\u00ed el 23 de julio por bandas armadas contra el municipio metropolitano de Kenscoff, y lament\u00f3 \u201cla tragedia\u201d que vive hoy la poblaci\u00f3n, inform\u00f3 el peri\u00f3dico <em>Le Nouvelliste<\/em>.<\/p>\n<p>El Santo Padre aludi\u00f3 al tormento diario del pueblo haitiano \u201ca causa de los abusos y la violencia de las bandas que controlan parte del pa\u00eds\u201d, durante el rezo del \u00c1ngelus en la romana Plaza de la Libertad de Castel Gandolfo.<\/p>\n<p>\u201cRecibimos noticias dram\u00e1ticas desde Hait\u00ed sobre la terrible masacre en una iglesia de Kenscoff, en la que fallecieron 47 personas y otras fueron tomadas como rehenes\u201d, declar\u00f3 el Pont\u00edfice, citado por la publicaci\u00f3n.<\/p>\n<p>Le\u00f3n XIV expres\u00f3 su \u201ccercan\u00eda en oraci\u00f3n a las v\u00edctimas y sus familias\u201d, y pidi\u00f3 la liberaci\u00f3n \u201cinmediata\u201d de \u201ctodos los rehenes\u201d secuestrados durante el ataque a la localidad haitiana, de acuerdo con Le Nouvelliste.<\/p>\n<p>Tambi\u00e9n llam\u00f3 \u201ca todos los que ocupan cargos de responsabilidad para que tomen medidas concretas para garantizar la seguridad de la poblaci\u00f3n y poner fin a todas las formas de violencia\u201d.<\/p>\n<p>Las solicitudes de paz transmitidas por el papa siguieron a las del obispo haitiano Pierre-Andr\u00e9 Dumas de Anse-\u00e0-Veau y Mirago\u00e2ne, quien expres\u00f3 \u201cbasta de masacres, esto es demasiado\u201d, en una carta al primer ministro de Hait\u00ed, Alix Didier Fils-Aim\u00e9.<\/p>\n<p>Seg\u00fan la misiva, \u201ccon Kenscoff, todo Hait\u00ed volvi\u00f3 a ser crucificado; llega un momento en la historia de una naci\u00f3n en que el silencio se vuelve moralmente imposible. Un Estado existe ante todo \u2014subraya\u2014 para proteger a su pueblo\u201d.<\/p>\n<p>Por su parte, el Fondo de las Naciones Unidas para la Infancia comunic\u00f3 el 28 de agosto que entre las 50 personas raptadas en Kenscoff figuraban seis ni\u00f1os y siete mujeres, quienes fueron liberados este lunes por la banda responsable del ataque en Kenscoff.<\/p>\n<p>L\u00edderes del grupo armado atacante, conocido como Izo 2, amenazaron con ejecutar a todos los rehenes si la Polic\u00eda Nacional actuaba contra miembros de su pandilla participantes de la operaci\u00f3n contra Kenscoff.<\/p>\n<p>mem\/apb<\/p>\n<\/div>\n<\/div>\n<\/div>\n<div class=\"elementor-element elementor-element-f5ec5bf e-flex e-con-boxed e-con e-child\" data-id=\"f5ec5bf\" data-element_type=\"container\" data-e-type=\"container\">\n<div class=\"e-con-inner\"><\/div>\n<\/div>\n<div class=\"elementor-element elementor-element-80c8584 elementor-mobile-align-left elementor-widget elementor-widget-post-info\" data-id=\"80c8584\" data-element_type=\"widget\" data-e-type=\"widget\" data-widget_type=\"post-info.default\">\n<div class=\"elementor-widget-container\">\n<p>&nbsp;<\/p>\n<\/div>\n<\/div>\n","protected":false},"excerpt":{"rendered":"<p>Puerto Pr\u00edncipe (Prensa Latina) El Papa Le\u00f3n XIV caracteriz\u00f3 de \u201cterrible\u201d el ataque en Hait\u00ed&hellip;<\/p>\n","protected":false},"author":2,"featured_media":77711,"comment_status":"open","ping_status":"closed","sticky":false,"template":"","format":"standard","meta":{"footnotes":""},"categories":[52,53],"tags":[],"class_list":["post-82067","post","type-post","status-publish","format-standard","has-post-thumbnail","hentry","category-internacionales","category-prensa-latina"],"_links":{"self":[{"href":"https:\/\/eldiarioantillano.com\/uno\/wp-json\/wp\/v2\/posts\/82067","targetHints":{"allow":["GET"]}}],"collection":[{"href":"https:\/\/eldiarioantillano.com\/uno\/wp-json\/wp\/v2\/posts"}],"about":[{"href":"https:\/\/eldiarioantillano.com\/uno\/wp-json\/wp\/v2\/types\/post"}],"author":[{"embeddable":true,"href":"https:\/\/eldiarioantillano.com\/uno\/wp-json\/wp\/v2\/users\/2"}],"replies":[{"embeddable":true,"href":"https:\/\/eldiarioantillano.com\/uno\/wp-json\/wp\/v2\/comments?post=82067"}],"version-history":[{"count":1,"href":"https:\/\/eldiarioantillano.com\/uno\/wp-json\/wp\/v2\/posts\/82067\/revisions"}],"predecessor-version":[{"id":82068,"href":"https:\/\/eldiarioantillano.com\/uno\/wp-json\/wp\/v2\/posts\/82067\/revisions\/82068"}],"wp:featuredmedia":[{"embeddable":true,"href":"https:\/\/eldiarioantillano.com\/uno\/wp-json\/wp\/v2\/media\/77711"}],"wp:attachment":[{"href":"https:\/\/eldiarioantillano.com\/uno\/wp-json\/wp\/v2\/media?parent=82067"}],"wp:term":[{"taxonomy":"category","embeddable":true,"href":"https:\/\/eldiarioantillano.com\/uno\/wp-json\/wp\/v2\/categories?post=82067"},{"taxonomy":"post_tag","embeddable":true,"href":"https:\/\/eldiarioantillano.com\/uno\/wp-json\/wp\/v2\/tags?post=82067"}],"curies":[{"name":"wp","href":"https:\/\/api.w.org\/{rel}","templated":true}]}}