{"id":82062,"date":"2026-09-02T00:05:58","date_gmt":"2026-09-02T04:05:58","guid":{"rendered":"https:\/\/eldiarioantillano.com\/uno\/?p=82062"},"modified":"2026-09-01T17:49:37","modified_gmt":"2026-09-01T21:49:37","slug":"la-agenda-semanal-la-nueva-escenografia-del-oficialismo","status":"publish","type":"post","link":"https:\/\/eldiarioantillano.com\/uno\/2026\/09\/02\/la-agenda-semanal-la-nueva-escenografia-del-oficialismo\/","title":{"rendered":"LA Agenda Semanal: la nueva escenograf\u00eda del oficialismo"},"content":{"rendered":"<p>Por LUIS SALAZAR<\/p>\n<p><img decoding=\"async\" class=\"alignright size-thumbnail wp-image-77129\" src=\"https:\/\/eldiarioantillano.com\/uno\/wp-content\/uploads\/2026\/01\/IMG-20260102-WA0044-150x150.jpg\" alt=\"\" width=\"150\" height=\"150\" srcset=\"https:\/\/eldiarioantillano.com\/uno\/wp-content\/uploads\/2026\/01\/IMG-20260102-WA0044-150x150.jpg 150w, https:\/\/eldiarioantillano.com\/uno\/wp-content\/uploads\/2026\/01\/IMG-20260102-WA0044-585x585.jpg 585w\" sizes=\"(max-width: 150px) 100vw, 150px\" \/>En cada momento de la historia pol\u00edtica, los partidos y liderazgos han enarbolado relatos pol\u00edticos en la b\u00fasqueda de construir una hegemon\u00eda discursiva sobre la sociedad.<\/p>\n<p>Balaguer, en contraste con quienes propugnaban una revoluci\u00f3n armada, enarbol\u00f3 la famosa consigna de <em>\u201cla revoluci\u00f3n sin sangre\u201d<\/em>. En cambio, Juan Bosch, privilegiando su visi\u00f3n de una pol\u00edtica revestida de principios \u00e9ticos, utiliz\u00f3 el eslogan <em>\u201cVerg\u00fcenza contra dinero\u201d<\/em>. Pe\u00f1a G\u00f3mez, acorde con su estatura de l\u00edder de masas, proclam\u00f3 <em>\u201c\u00a1Primero la gente!\u201d<\/em>.<\/p>\n<p>En otro contexto, Leonel Fern\u00e1ndez levant\u00f3 como relato pol\u00edtico <em>\u201cel Nueva York chiquito\u201d<\/em>, expresando su concepci\u00f3n del progreso con una visi\u00f3n de modernizaci\u00f3n de fachada, y no como la superaci\u00f3n de las desigualdades sociales y econ\u00f3micas que caracterizan a la sociedad dominicana.<\/p>\n<p>Por el contrario, el discurso de Danilo Medina estuvo centrado en la proximidad con la ciudadan\u00eda y en un estilo de gobierno representado por <em>las visitas sorpresa<\/em>. Debido al hast\u00edo que generaron los gobiernos del Partido de la Liberaci\u00f3n Dominicana (PLD), Luis Abinader utiliz\u00f3, como portaestandarte de su campa\u00f1a y de su primer gobierno (2020), el lema <em>\u201cEl Cambio va\u201d<\/em> y, en el siguiente proceso electoral (2024), <em>\u201cEl Cambio sigue\u201d<\/em>.<\/p>\n<p>Precisamente, una de las novedades que introdujo Luis Abinader en su proyecci\u00f3n como vocero autorizado y en la construcci\u00f3n y reproducci\u00f3n del discurso oficial fue la implementaci\u00f3n del espacio LA Semanal, desde el 28 de agosto de 2023 hasta el 8 de diciembre de 2025.<\/p>\n<p>Este espacio de comunicaci\u00f3n semanal estableci\u00f3 un precedente novedoso en la pol\u00edtica dominicana porque no solo fue una herramienta de comunicaci\u00f3n gubernamental, sino tambi\u00e9n un instrumento para construir y administrar la hegemon\u00eda discursiva del oficialismo hacia la sociedad.<\/p>\n<p>En primer lugar, con esta iniciativa, el propio presidente Abinader se coloc\u00f3 como el principal, y casi \u00fanico, vocero de su gobierno, lo cual tiene tanto aspectos positivos como negativos.<\/p>\n<p>Entre los elementos positivos destaca el contacto directo y sistem\u00e1tico con los medios de comunicaci\u00f3n, que genera una sensaci\u00f3n de cercan\u00eda que otros mandatarios no lograron. El presidente se volvi\u00f3 omnipresente en los medios y, por extensi\u00f3n, en la sociedad. Tal como se ha se\u00f1alado, se produjo una especie de \u00abrendici\u00f3n de cuentas\u00bb permanente, que llen\u00f3 vac\u00edos informativos e impuso temas en la agenda p\u00fablica.<\/p>\n<p>Precisamente, LA Semanal defini\u00f3 cu\u00e1les eran los temas prioritarios y releg\u00f3 o coloc\u00f3 en un segundo plano otros asuntos que no se consideraban importantes o prioritarios. Por tanto, hab\u00eda una clara selectividad tem\u00e1tica que trazaba el rumbo de la opini\u00f3n p\u00fablica. Como es de esperarse en condiciones normales, las palabras del jefe del Estado tienen preeminencia sobre las que puedan expresar otras figuras pol\u00edticas.<\/p>\n<p>No solo se priorizaban determinados temas, sino que tambi\u00e9n se establec\u00edan los criterios desde los cuales deb\u00edan ser analizados, privilegiando un enfoque t\u00e9cnico y gerencial y dejando en un segundo plano el abordaje pol\u00edtico propiamente dicho. En este contexto, la oposici\u00f3n se ve\u00eda obligada a reaccionar dentro del marco discursivo impuesto por el gobierno, lo que expresaba una clara hegemon\u00eda del oficialismo.<\/p>\n<p>No obstante, este ejercicio permanente de exposici\u00f3n del primer mandatario ante los medios y la sociedad tambi\u00e9n lo convirti\u00f3 en el objetivo directo de las cr\u00edticas de la oposici\u00f3n y del descontento social de amplios sectores que no ve\u00edan resueltos sus problemas cotidianos. En la medida en que la figura presidencial se exhib\u00eda constantemente, se transformaba en el principal receptor de las cr\u00edticas y reproches que se generaban desde la sociedad.<\/p>\n<p>En este sentido, la oposici\u00f3n articul\u00f3 una intensa maquinaria de cr\u00edticas a la gesti\u00f3n del gobierno, lo que produjo como resultado que LA Semanal se transformara en un medio para responder a las cr\u00edticas de la oposici\u00f3n, evidenciando hasta d\u00f3nde hab\u00eda avanzado el desgaste del gobierno y los peligros de continuar exponiendo a su principal figura pol\u00edtica.<\/p>\n<p>En todo caso, este espacio de comunicaci\u00f3n fue suspendido y, despu\u00e9s de ocho meses, se inici\u00f3 un nuevo espacio llamado LA Agenda Semanal, con un nuevo formato.<\/p>\n<p><strong>\u00bfQu\u00e9 es lo novedoso?<\/strong><\/p>\n<p>LA Agenda Semanal se ha concebido como un programa tipo <em>streaming<\/em> o de transmisi\u00f3n en directo, en el cual el presidente Abinader se re\u00fane con funcionarios de un \u00e1rea determinada para supervisar los planes y proyectos en ejecuci\u00f3n, mediante preguntas y valoraciones formuladas a los responsables de estos.<\/p>\n<p>Un cambio sustancial en relaci\u00f3n con el modelo anterior es que la prensa no participa de manera directa, sino que, seg\u00fan se ha explicado, puede enviar sus preguntas antes del evento o durante su transmisi\u00f3n.<\/p>\n<p><strong>\u00bfQu\u00e9 conclusiones podemos sacar de este cambio de formato?<\/strong><\/p>\n<p>En primer lugar, la exposici\u00f3n del presidente Abinader es menos directa que en el modelo anterior. La ausencia de la prensa reduce la posibilidad de recibir preguntas inc\u00f3modas o sobre temas que no sean los escogidos para responder.<\/p>\n<p>Sin embargo, la exposici\u00f3n presidencial contin\u00faa bajo otra modalidad y podr\u00eda generar la idea de que las cosas se resuelven solo si \u00e9l interviene.<\/p>\n<p>Otro aspecto interesante es que esta nueva variante les dar\u00e1 rostro a funcionarios de diferentes \u00e1reas del Estado, lo que implica que otras personalidades oficiales podr\u00edan exponerse al escrutinio p\u00fablico, no solo el presidente.<\/p>\n<p>Por lo dem\u00e1s, est\u00e1 claro que lo que se prioriza es mostrar los aspectos positivos de la propia gesti\u00f3n de gobierno, enfatizando la b\u00fasqueda de soluciones a problemas concretos y el papel gerencial que desempe\u00f1a el propio presidente.<\/p>\n<p>En este sentido, hay un cambio importante en el escenario del ejercicio del poder: el presidente pasa de ser el vocero a ser el jefe de la gesti\u00f3n de gobierno. El oficialismo parece desplazarse de una narrativa basada en la comunicaci\u00f3n oficial hacia otra basada en la demostraci\u00f3n de su capacidad de gesti\u00f3n.<\/p>\n<p>Mostrar a un presidente competente, preocupado por los problemas y sus soluciones, y buen gerente es la imagen que se busca proyectar para fortalecer la figura presidencial, al Gobierno y al PRM, y contribuir a la construcci\u00f3n de una narrativa centrada en la necesidad de preservar la herencia de esta gesti\u00f3n y, de cara a 2028, promover su continuidad pol\u00edtica.<\/p>\n<p><strong>\u00a0<\/strong><\/p>\n","protected":false},"excerpt":{"rendered":"<p>Por LUIS SALAZAR En cada momento de la historia pol\u00edtica, los partidos y liderazgos han&hellip;<\/p>\n","protected":false},"author":2,"featured_media":77129,"comment_status":"open","ping_status":"closed","sticky":false,"template":"","format":"standard","meta":{"footnotes":""},"categories":[177,55,51],"tags":[],"class_list":["post-82062","post","type-post","status-publish","format-standard","has-post-thumbnail","hentry","category-luis-salazar","category-nacionales","category-opinion"],"_links":{"self":[{"href":"https:\/\/eldiarioantillano.com\/uno\/wp-json\/wp\/v2\/posts\/82062","targetHints":{"allow":["GET"]}}],"collection":[{"href":"https:\/\/eldiarioantillano.com\/uno\/wp-json\/wp\/v2\/posts"}],"about":[{"href":"https:\/\/eldiarioantillano.com\/uno\/wp-json\/wp\/v2\/types\/post"}],"author":[{"embeddable":true,"href":"https:\/\/eldiarioantillano.com\/uno\/wp-json\/wp\/v2\/users\/2"}],"replies":[{"embeddable":true,"href":"https:\/\/eldiarioantillano.com\/uno\/wp-json\/wp\/v2\/comments?post=82062"}],"version-history":[{"count":1,"href":"https:\/\/eldiarioantillano.com\/uno\/wp-json\/wp\/v2\/posts\/82062\/revisions"}],"predecessor-version":[{"id":82063,"href":"https:\/\/eldiarioantillano.com\/uno\/wp-json\/wp\/v2\/posts\/82062\/revisions\/82063"}],"wp:featuredmedia":[{"embeddable":true,"href":"https:\/\/eldiarioantillano.com\/uno\/wp-json\/wp\/v2\/media\/77129"}],"wp:attachment":[{"href":"https:\/\/eldiarioantillano.com\/uno\/wp-json\/wp\/v2\/media?parent=82062"}],"wp:term":[{"taxonomy":"category","embeddable":true,"href":"https:\/\/eldiarioantillano.com\/uno\/wp-json\/wp\/v2\/categories?post=82062"},{"taxonomy":"post_tag","embeddable":true,"href":"https:\/\/eldiarioantillano.com\/uno\/wp-json\/wp\/v2\/tags?post=82062"}],"curies":[{"name":"wp","href":"https:\/\/api.w.org\/{rel}","templated":true}]}}