{"id":82038,"date":"2026-09-02T00:02:46","date_gmt":"2026-09-02T04:02:46","guid":{"rendered":"https:\/\/eldiarioantillano.com\/uno\/?p=82038"},"modified":"2026-09-01T15:16:03","modified_gmt":"2026-09-01T19:16:03","slug":"novena-de-beethoven-como-llamado-a-la-paz-en-el-xxv-aniversario-del-11-s","status":"publish","type":"post","link":"https:\/\/eldiarioantillano.com\/uno\/2026\/09\/02\/novena-de-beethoven-como-llamado-a-la-paz-en-el-xxv-aniversario-del-11-s\/","title":{"rendered":"Novena de Beethoven, como llamado a la paz en el XXV aniversario del 11-S"},"content":{"rendered":"<p><strong>NUEVA YORK, NY.<\/strong>\u2014 Con motivo del 25\u00ba aniversario de los atentados del 11 de septiembre, el Coro del Instituto Schiller de Nueva York y la Fundaci\u00f3n para el Renacimiento de la Cultura Cl\u00e1sica ofrecer\u00e1n un concierto conmemorativo gratuito y abierto al p\u00fablico:\u00a0<strong><em>\u201cConmemoraci\u00f3n del 25\u00ba aniversario del 11-S en el 250\u00ba aniversario de Estados Unidos \u2014 Novena Sinfon\u00eda de Beethoven: el camino para salir de la guerra\u00bb.<\/em><\/strong><\/p>\n<p>El evento se llevar\u00e1 a cabo el\u00a0<strong>viernes 11 de septiembre de 2026 a las 7:00 pm <\/strong>(hora del Este de Estados Unidos) en la sala de conciertos del Salvation Army CMT Concert Hall, en\u00a0<a href=\"https:\/\/schillerinstitute.nationbuilder.com\/r?u=facx-C4TxaQZEEWZfFe4kOzOn4Y5NQRoCC24LiXa7bZ_VrioL7zzxaJU4Y9aKYivggQk9eaZ0lbF7SWVss3HkKyXD8kbuzzn-HUT0FyJtvf6qGoRUQdMIwHd3MVOjDD_&amp;e=c107488287b33525b6211a50cbedbd74&amp;utm_source=schillerinstitute&amp;utm_medium=email&amp;utm_campaign=boletin_beethoven_11_s&amp;n=2\" target=\"_blank\" rel=\"noreferrer noopener\" data-saferedirecturl=\"https:\/\/www.google.com\/url?q=https:\/\/schillerinstitute.nationbuilder.com\/r?u%3Dfacx-C4TxaQZEEWZfFe4kOzOn4Y5NQRoCC24LiXa7bZ_VrioL7zzxaJU4Y9aKYivggQk9eaZ0lbF7SWVss3HkKyXD8kbuzzn-HUT0FyJtvf6qGoRUQdMIwHd3MVOjDD_%26e%3Dc107488287b33525b6211a50cbedbd74%26utm_source%3Dschillerinstitute%26utm_medium%3Demail%26utm_campaign%3Dboletin_beethoven_11_s%26n%3D2&amp;source=gmail&amp;ust=1788368938485000&amp;usg=AOvVaw2Rw2QZTRpbCsTDoIrdZatM\">120 W 14th St, New York, NY<\/a>.<\/p>\n<p>En honor a las v\u00edctimas del 11-S y a las v\u00edctimas del cuarto de siglo de conflictos mundiales que siguieron a este ataque, un coro de 120 voces y una orquesta conformada por 60 m\u00fasicos, presentar\u00e1n la 9na Sinfon\u00eda de Ludwig van Beethoven (\u00abLa Oda a la Alegr\u00eda\u00bb), as\u00ed como\u00a0<em>N\u00e4nie (Canci\u00f3n del lamento)\u00a0<\/em>de Johannes Brahms; y obras de Anton\u00edn Dvo\u0159\u00e1k, como\u00a0<em>Goin&#8217; Home,\u00a0<\/em>y un arreglo presentado por primera vez de\u00a0<em>My Country,&#8217;tis of Thee<\/em>.<\/p>\n<p>Junto con el Coro del Instituto Schiller de la Ciudad de Nueva York actuar\u00e1 el coro de la agrupaci\u00f3n\u00a0<strong>NY Daiku Singers,\u00a0<\/strong>famosa por interpretar la Novena Sinfon\u00eda de Beethoven a nivel internacional como un s\u00edmbolo vivo de la paz y de la reconciliaci\u00f3n.<\/p>\n<p><strong>Programa y participantes:<\/strong><\/p>\n<ul>\n<li><strong>Guardia de honor de la Unidad Ceremonial del FDNY:<\/strong>invocaci\u00f3n y homenaje de apertura<\/li>\n<li><strong>Ponente invitado:\u00a0<\/strong>Gary Marlon Gere, escritor, dramaturgo y fot\u00f3grafo oficial en la Zona Cero.<\/li>\n<li><strong>Programa del concierto:\u00a0<\/strong>Novena Sinfon\u00eda de Ludwig van Beethoven,\u00a0<em>N\u00e4nie\u00a0<\/em>de Johannes Brahms, y obras de Mozart, Dvo\u0159\u00e1k, y espirituales afroestadounidenses tradicionales<\/li>\n<li><strong>Cantantes y m\u00fasicos:\u00a0<\/strong>M\u00e1s de 100 miembros del coro, y 60 m\u00fasicos de la orquesta, con la participaci\u00f3n del Coro del Instituto Schiller de la Ciudad de Nueva York, y el coro NY Daiku Singers<\/li>\n<\/ul>\n<p>\u00abBeethoven estaba verdaderamente convencido de que si la humanidad realmente entendiera su m\u00fasica, no existir\u00edan las guerras\u00bb, destacaron los organizadores del evento. \u00abEn el 250\u00ba aniversario de Estados Unidos, esta presentaci\u00f3n aprovecha el poder de las obras maestras de la m\u00fasica cl\u00e1sica para tender puentes donde hay diferencias, para honrar a quienes han perdido la vida y para ofrecer una visi\u00f3n de hermandad que ponga fin al ciclo de las guerras permanentes\u00bb.<\/p>\n<p>El Coro del Instituto Schiller de NYC (una organizaci\u00f3n sin fines de lucro 501(c)(3)) fue fundado en 2014 y est\u00e1 dedicado a la \u00absacralidad de toda vida humana\u00bb; ha venido presentando cada a\u00f1o un concierto en la conmemoraci\u00f3n del 11-S, entre ellos una emblem\u00e1tica serie de conciertos de cuatro d\u00edas con el R\u00e9quiem de Mozart con motivo del 15\u00ba aniversario en 2016.<\/p>\n<p><strong>Detalles del evento:<\/strong><\/p>\n<ul>\n<li><strong>D\u00eda y hora:\u00a0<\/strong>viernes 11 de septiembre de 2026, a las 7:00 PM (Puertas abiertas desde las 6:15 PM)<\/li>\n<li><strong>Lugar:\u00a0<\/strong>Salvation Army CMT Hall,<a href=\"https:\/\/schillerinstitute.nationbuilder.com\/r?u=facx-C4TxaQZEEWZfFe4kOzOn4Y5NQRoCC24LiXa7bZ_VrioL7zzxaJU4Y9aKYivpZaBG5wmKNiDg3vPNhnmAEnHSRS37U22D5lwAEEg9JPYfZU7bcVVB9K9H7CVl3YV&amp;e=c107488287b33525b6211a50cbedbd74&amp;utm_source=schillerinstitute&amp;utm_medium=email&amp;utm_campaign=boletin_beethoven_11_s&amp;n=3\" target=\"_blank\" rel=\"noreferrer noopener\" data-saferedirecturl=\"https:\/\/www.google.com\/url?q=https:\/\/schillerinstitute.nationbuilder.com\/r?u%3Dfacx-C4TxaQZEEWZfFe4kOzOn4Y5NQRoCC24LiXa7bZ_VrioL7zzxaJU4Y9aKYivpZaBG5wmKNiDg3vPNhnmAEnHSRS37U22D5lwAEEg9JPYfZU7bcVVB9K9H7CVl3YV%26e%3Dc107488287b33525b6211a50cbedbd74%26utm_source%3Dschillerinstitute%26utm_medium%3Demail%26utm_campaign%3Dboletin_beethoven_11_s%26n%3D3&amp;source=gmail&amp;ust=1788368938485000&amp;usg=AOvVaw1xiIcDUQqaJwDcHokmi4Z4\">120 W 14th St, New York, NY 10011<\/a><\/li>\n<li><strong>Entrada:\u00a0<\/strong>gratuita y abierta al p\u00fablico. Los asientos son por orden de llegada.<\/li>\n<li><strong>RSVP:\u00a0<\/strong>A quienes quieren asistir personalmente al concierto, les recomendamos que reserven su ticket de entrada con antelaci\u00f3n. Tambi\u00e9n se puede escuchar por internet en vivo aqu\u00ed\u00a0<a href=\"https:\/\/schillerinstitute.nationbuilder.com\/r?u=ZLHEA48c6xzkXScetDn2Yp2-UNBCVb_EAeJUQr4qlW0&amp;e=c107488287b33525b6211a50cbedbd74&amp;utm_source=schillerinstitute&amp;utm_medium=email&amp;utm_campaign=boletin_beethoven_11_s&amp;n=4\" target=\"_blank\" rel=\"noreferrer noopener\" data-saferedirecturl=\"https:\/\/www.google.com\/url?q=https:\/\/schillerinstitute.nationbuilder.com\/r?u%3DZLHEA48c6xzkXScetDn2Yp2-UNBCVb_EAeJUQr4qlW0%26e%3Dc107488287b33525b6211a50cbedbd74%26utm_source%3Dschillerinstitute%26utm_medium%3Demail%26utm_campaign%3Dboletin_beethoven_11_s%26n%3D4&amp;source=gmail&amp;ust=1788368938485000&amp;usg=AOvVaw09javEqy1wYcXf5pvAr3ae\"><strong>https:\/\/www.sinycchorus.<wbr \/>com\/911<\/strong><\/a>; reg\u00edstrate\u00a0aqu\u00ed para garantizar que lo escuches\u00a0<a href=\"https:\/\/schillerinstitute.nationbuilder.com\/r?u=8j_dEJcvxcVNfQPUezVwdNJmsjNJXuTBzqrUCYzpbyBzfZWLOrGaNIrr5Xlykba1JzHo6C9S2ES8m8aAXErxRMVjHzNKxHNzru_oA-_gTLMCh3Eme5zIOTzdMzB-Z8Ii&amp;e=c107488287b33525b6211a50cbedbd74&amp;utm_source=schillerinstitute&amp;utm_medium=email&amp;utm_campaign=boletin_beethoven_11_s&amp;n=5\" target=\"_blank\" rel=\"noreferrer noopener\" data-saferedirecturl=\"https:\/\/www.google.com\/url?q=https:\/\/schillerinstitute.nationbuilder.com\/r?u%3D8j_dEJcvxcVNfQPUezVwdNJmsjNJXuTBzqrUCYzpbyBzfZWLOrGaNIrr5Xlykba1JzHo6C9S2ES8m8aAXErxRMVjHzNKxHNzru_oA-_gTLMCh3Eme5zIOTzdMzB-Z8Ii%26e%3Dc107488287b33525b6211a50cbedbd74%26utm_source%3Dschillerinstitute%26utm_medium%3Demail%26utm_campaign%3Dboletin_beethoven_11_s%26n%3D5&amp;source=gmail&amp;ust=1788368938485000&amp;usg=AOvVaw18DhIS9rcsTgqrxXOn88p_\">https:\/\/www.zeffy.<wbr \/>com\/en-US\/ticketing\/<wbr \/>beethovens-ninth-a-pathway-<wbr \/>out-of-war-livestream<\/a><\/li>\n<\/ul>\n","protected":false},"excerpt":{"rendered":"<p>NUEVA YORK, NY.\u2014 Con motivo del 25\u00ba aniversario de los atentados del 11 de septiembre,&hellip;<\/p>\n","protected":false},"author":2,"featured_media":82039,"comment_status":"open","ping_status":"closed","sticky":false,"template":"","format":"standard","meta":{"footnotes":""},"categories":[63,78,52],"tags":[],"class_list":["post-82038","post","type-post","status-publish","format-standard","has-post-thumbnail","hentry","category-cultura","category-eirns","category-internacionales"],"_links":{"self":[{"href":"https:\/\/eldiarioantillano.com\/uno\/wp-json\/wp\/v2\/posts\/82038","targetHints":{"allow":["GET"]}}],"collection":[{"href":"https:\/\/eldiarioantillano.com\/uno\/wp-json\/wp\/v2\/posts"}],"about":[{"href":"https:\/\/eldiarioantillano.com\/uno\/wp-json\/wp\/v2\/types\/post"}],"author":[{"embeddable":true,"href":"https:\/\/eldiarioantillano.com\/uno\/wp-json\/wp\/v2\/users\/2"}],"replies":[{"embeddable":true,"href":"https:\/\/eldiarioantillano.com\/uno\/wp-json\/wp\/v2\/comments?post=82038"}],"version-history":[{"count":1,"href":"https:\/\/eldiarioantillano.com\/uno\/wp-json\/wp\/v2\/posts\/82038\/revisions"}],"predecessor-version":[{"id":82040,"href":"https:\/\/eldiarioantillano.com\/uno\/wp-json\/wp\/v2\/posts\/82038\/revisions\/82040"}],"wp:featuredmedia":[{"embeddable":true,"href":"https:\/\/eldiarioantillano.com\/uno\/wp-json\/wp\/v2\/media\/82039"}],"wp:attachment":[{"href":"https:\/\/eldiarioantillano.com\/uno\/wp-json\/wp\/v2\/media?parent=82038"}],"wp:term":[{"taxonomy":"category","embeddable":true,"href":"https:\/\/eldiarioantillano.com\/uno\/wp-json\/wp\/v2\/categories?post=82038"},{"taxonomy":"post_tag","embeddable":true,"href":"https:\/\/eldiarioantillano.com\/uno\/wp-json\/wp\/v2\/tags?post=82038"}],"curies":[{"name":"wp","href":"https:\/\/api.w.org\/{rel}","templated":true}]}}