{"id":82033,"date":"2026-09-02T00:00:50","date_gmt":"2026-09-02T04:00:50","guid":{"rendered":"https:\/\/eldiarioantillano.com\/uno\/?p=82033"},"modified":"2026-09-01T15:19:49","modified_gmt":"2026-09-01T19:19:49","slug":"iran-no-busca-guerra-pero-respondera-a-agresion-afirma-pezeshkian","status":"publish","type":"post","link":"https:\/\/eldiarioantillano.com\/uno\/2026\/09\/02\/iran-no-busca-guerra-pero-respondera-a-agresion-afirma-pezeshkian\/","title":{"rendered":"Ir\u00e1n no busca guerra, pero responder\u00e1 a agresi\u00f3n, afirma Pezeshkian"},"content":{"rendered":"<div class=\"elementor-element elementor-element-5a38e61 e-flex e-con-boxed e-con e-child\" data-id=\"5a38e61\" data-element_type=\"container\" data-e-type=\"container\">\n<div class=\"e-con-inner\">\n<div class=\"elementor-element elementor-element-d2a4feb elementor-widget elementor-widget-theme-post-excerpt\" data-id=\"d2a4feb\" data-element_type=\"widget\" data-e-type=\"widget\" data-widget_type=\"theme-post-excerpt.default\">\n<p class=\"elementor-widget-container\">Teher\u00e1n (Prensa Latina) El presidente iran\u00ed, Masoud Pezeshkian, afirm\u00f3 que su pa\u00eds no busca la guerra, pero advirti\u00f3 que responder\u00e1 con contundencia ante cualquier agresi\u00f3n contra su territorio.<\/p>\n<p>En declaraciones a la prensa antes de partir hacia Biskek, capital de Kirguist\u00e1n, para participar en la cumbre de la Organizaci\u00f3n de Cooperaci\u00f3n de Shangh\u00e1i (OCS), el mandatario reiter\u00f3 que Teher\u00e1n ha transmitido al mundo un mensaje contrario a la confrontaci\u00f3n.<\/p>\n<p>\u201cNo buscamos la guerra, y este es un mensaje claro que hemos transmitido al mundo hasta ahora\u201d, manifest\u00f3 Pezeshkian, citado por la agencia oficial iran\u00ed IRNA.<\/p>\n<p>Sin embargo, a\u00f1adi\u00f3 que Ir\u00e1n \u201cno permanecer\u00e1 impasible ante ninguna agresi\u00f3n\u201d y responder\u00e1 con firmeza a quienes ataquen al pa\u00eds.<\/p>\n<p>Las declaraciones se producen despu\u00e9s de que fuerzas estadounidenses atacaran el domingo a dos lanzadores iran\u00edes en la isla de Larak, situada en el estrecho de Ormuz, acci\u00f3n que Washington justific\u00f3 alegando preparativos para desplegar minas mar\u00edtimas.<\/p>\n<p>El Cuerpo de los Guardianes de la Revoluci\u00f3n Isl\u00e1mica inform\u00f3 que el bombardeo caus\u00f3 muertos y heridos entre militares y civiles, sin ofrecer inicialmente un balance detallado.<\/p>\n<p>En respuesta, Ir\u00e1n lanz\u00f3 durante la madrugada ataques con misiles y drones contra instalaciones donde, seg\u00fan Teher\u00e1n, se encuentran desplegadas fuerzas estadounidenses en Jordania y Emiratos \u00c1rabes Unidos.<\/p>\n<p>La Guardia Revolucionaria anunci\u00f3 operaciones contra las bases de King Hussein y Al-Azraq, en Jordania, mientras el Ej\u00e9rcito iran\u00ed inform\u00f3 de un ataque con drones contra la base a\u00e9rea de Al-Minhad, en Emiratos \u00c1rabes Unidos.<\/p>\n<p>Las Fuerzas Armadas jordanas comunicaron, por su parte, que sus sistemas de defensa a\u00e9rea interceptaron y destruyeron ocho misiles que penetraron el espacio a\u00e9reo del reino, antes de que representaran una amenaza para la poblaci\u00f3n o las propiedades.<\/p>\n<p>El intercambio constituye una nueva escalada entre Teher\u00e1n y Washington despu\u00e9s de varias semanas de relativa reducci\u00f3n de los enfrentamientos directos.<\/p>\n<p>Las tensiones se mantienen elevadas desde la ofensiva lanzada por Estados Unidos e Israel contra Ir\u00e1n a finales de febrero y las posteriores represalias iran\u00edes contra objetivos israel\u00edes y estadounidenses en la regi\u00f3n.<\/p>\n<p>La situaci\u00f3n tambi\u00e9n est\u00e1 vinculada a las disputas sobre la navegaci\u00f3n en el estrecho de Ormuz, v\u00eda estrat\u00e9gica para el transporte mundial de petr\u00f3leo y otras mercanc\u00edas, cuya seguridad contin\u00faa siendo uno de los principales focos de fricci\u00f3n entre las partes.<\/p>\n<p>arc\/fm<\/p>\n<\/div>\n<\/div>\n<\/div>\n<div class=\"elementor-element elementor-element-f5ec5bf e-flex e-con-boxed e-con e-child\" data-id=\"f5ec5bf\" data-element_type=\"container\" data-e-type=\"container\">\n<div class=\"e-con-inner\"><\/div>\n<\/div>\n<div class=\"elementor-element elementor-element-80c8584 elementor-mobile-align-left elementor-widget elementor-widget-post-info\" data-id=\"80c8584\" data-element_type=\"widget\" data-e-type=\"widget\" data-widget_type=\"post-info.default\">\n<div class=\"elementor-widget-container\">\n<p>&nbsp;<\/p>\n<\/div>\n<\/div>\n","protected":false},"excerpt":{"rendered":"<p>Teher\u00e1n (Prensa Latina) El presidente iran\u00ed, Masoud Pezeshkian, afirm\u00f3 que su pa\u00eds no busca la&hellip;<\/p>\n","protected":false},"author":2,"featured_media":82027,"comment_status":"open","ping_status":"closed","sticky":false,"template":"","format":"standard","meta":{"footnotes":""},"categories":[52,53],"tags":[],"class_list":["post-82033","post","type-post","status-publish","format-standard","has-post-thumbnail","hentry","category-internacionales","category-prensa-latina"],"_links":{"self":[{"href":"https:\/\/eldiarioantillano.com\/uno\/wp-json\/wp\/v2\/posts\/82033","targetHints":{"allow":["GET"]}}],"collection":[{"href":"https:\/\/eldiarioantillano.com\/uno\/wp-json\/wp\/v2\/posts"}],"about":[{"href":"https:\/\/eldiarioantillano.com\/uno\/wp-json\/wp\/v2\/types\/post"}],"author":[{"embeddable":true,"href":"https:\/\/eldiarioantillano.com\/uno\/wp-json\/wp\/v2\/users\/2"}],"replies":[{"embeddable":true,"href":"https:\/\/eldiarioantillano.com\/uno\/wp-json\/wp\/v2\/comments?post=82033"}],"version-history":[{"count":1,"href":"https:\/\/eldiarioantillano.com\/uno\/wp-json\/wp\/v2\/posts\/82033\/revisions"}],"predecessor-version":[{"id":82034,"href":"https:\/\/eldiarioantillano.com\/uno\/wp-json\/wp\/v2\/posts\/82033\/revisions\/82034"}],"wp:featuredmedia":[{"embeddable":true,"href":"https:\/\/eldiarioantillano.com\/uno\/wp-json\/wp\/v2\/media\/82027"}],"wp:attachment":[{"href":"https:\/\/eldiarioantillano.com\/uno\/wp-json\/wp\/v2\/media?parent=82033"}],"wp:term":[{"taxonomy":"category","embeddable":true,"href":"https:\/\/eldiarioantillano.com\/uno\/wp-json\/wp\/v2\/categories?post=82033"},{"taxonomy":"post_tag","embeddable":true,"href":"https:\/\/eldiarioantillano.com\/uno\/wp-json\/wp\/v2\/tags?post=82033"}],"curies":[{"name":"wp","href":"https:\/\/api.w.org\/{rel}","templated":true}]}}