{"id":82026,"date":"2026-09-02T00:04:41","date_gmt":"2026-09-02T04:04:41","guid":{"rendered":"https:\/\/eldiarioantillano.com\/uno\/?p=82026"},"modified":"2026-09-01T15:07:39","modified_gmt":"2026-09-01T19:07:39","slug":"convocan-a-recital-poetico-en-solidaridad-con-cuba","status":"publish","type":"post","link":"https:\/\/eldiarioantillano.com\/uno\/2026\/09\/02\/convocan-a-recital-poetico-en-solidaridad-con-cuba\/","title":{"rendered":"Convocan a recital po\u00e9tico en solidaridad con Cuba"},"content":{"rendered":"<div class=\"elementor-element elementor-element-5a38e61 e-flex e-con-boxed e-con e-child\" data-id=\"5a38e61\" data-element_type=\"container\" data-e-type=\"container\">\n<div class=\"e-con-inner\">\n<div class=\"elementor-element elementor-element-d2a4feb elementor-widget elementor-widget-theme-post-excerpt\" data-id=\"d2a4feb\" data-element_type=\"widget\" data-e-type=\"widget\" data-widget_type=\"theme-post-excerpt.default\">\n<p class=\"elementor-widget-container\">Santo Domingo (Prensa Latina) La Red Nacional de Trabajadores de la Cultura de Rep\u00fablica Dominicana y el equipo coordinador del Recital Po\u00e9tico en Solidaridad con Cuba convocaron a la poblaci\u00f3n a participar en una jornada art\u00edstica de respaldo a la isla.<\/p>\n<p>El encuentro tendr\u00e1 lugar el 8 de septiembre, de 17:00 a 19:00 en el Paraninfo de la Facultad de Humanidades de la Universidad Aut\u00f3noma de Santo Domingo.<\/p>\n<p>De acuerdo con los organizadores, en el recital participar\u00e1n destacados artistas y poetas locales, quienes mediante la poes\u00eda, la m\u00fasica y otras expresiones art\u00edsticas manifestar\u00e1n su apoyo al pueblo cubano.<\/p>\n<p>La iniciativa es coordinada por la referida Red y los poetas V\u00edctor Salda\u00f1a, Julio Cuevas, Ram\u00f3n Tejeda Read y Luis Tom\u00e1s Oviedo Pe\u00f1a.<\/p>\n<p>Los organizadores definieron la actividad como una \u201cexpresi\u00f3n de amor y solidaridad con la patria de Jos\u00e9 Mart\u00ed, en este momento cr\u00edtico de su historia\u201d.<\/p>\n<p>Entre los artistas que confirmaron su participaci\u00f3n figuran Juan Freddy Armando, Lissette Vega de Purcell, Luis Carvajal, Pablo Reyes, Eladio de los Santos, C\u00e9sar S\u00e1nchez Beras y el cantautor F\u00e9lix Ram\u00edrez Sep\u00falveda.<\/p>\n<p>Tambi\u00e9n estar\u00e1n la pintora y pianista Madelin Mart\u00ednez, el cineasta y poeta \u00c1ngel Ruiz Baz\u00e1n, Ernesto Ventroy, Rafael Pineda, Jos\u00e9 Miguel Gonz\u00e1lez, Lorenzo Araujo, Gladys Almonte, Carlos S\u00e1nchez y Pablo Henr\u00edquez Severino.<\/p>\n<p>Asimismo, se sumar\u00e1n Dilando S\u00e1nchez, Domingo Acevedo, Juan Galv\u00e1n, V\u00edctor Salda\u00f1a, Ram\u00f3n Tejeda Read y Julio Cuevas, entre otros creadores.<\/p>\n<p>Los convocantes extendieron la invitaci\u00f3n a todos los artistas y poetas que deseen incorporar sus nombres a la iniciativa y expresar su respaldo al pueblo cubano.<\/p>\n<p>La jornada se propone convertir el arte y la poes\u00eda en espacios para reafirmar los v\u00ednculos de solidaridad entre artistas e intelectuales dominicanos y Cuba, as\u00ed como acompa\u00f1ar al pueblo de la naci\u00f3n caribe\u00f1a en las actuales circunstancias.<\/p>\n<p>Cuba est\u00e1 sometida a un f\u00e9rreo bloqueo econ\u00f3mico, comercial y financiero por Estados Unidos y a pol\u00edticas de m\u00e1xima presi\u00f3n que incluyen un cerco energ\u00e9tico contra la isla.<\/p>\n<p>Las autoridades cubanas denuncian que las medidas unilaterales de Washington est\u00e1n dirigidas a castigar al pueblo, asfixiar su econom\u00eda y perseguir a terceros pa\u00edses, empresas y personas que mantengan v\u00ednculos leg\u00edtimos con la isla.<\/p>\n<p>oda\/mpv<\/p>\n<\/div>\n<\/div>\n<\/div>\n<div class=\"elementor-element elementor-element-f5ec5bf e-flex e-con-boxed e-con e-child\" data-id=\"f5ec5bf\" data-element_type=\"container\" data-e-type=\"container\">\n<div class=\"e-con-inner\"><\/div>\n<\/div>\n","protected":false},"excerpt":{"rendered":"<p>Santo Domingo (Prensa Latina) La Red Nacional de Trabajadores de la Cultura de Rep\u00fablica Dominicana&hellip;<\/p>\n","protected":false},"author":2,"featured_media":82028,"comment_status":"open","ping_status":"closed","sticky":false,"template":"","format":"standard","meta":{"footnotes":""},"categories":[203,63,53],"tags":[],"class_list":["post-82026","post","type-post","status-publish","format-standard","has-post-thumbnail","hentry","category-antillas","category-cultura","category-prensa-latina"],"_links":{"self":[{"href":"https:\/\/eldiarioantillano.com\/uno\/wp-json\/wp\/v2\/posts\/82026","targetHints":{"allow":["GET"]}}],"collection":[{"href":"https:\/\/eldiarioantillano.com\/uno\/wp-json\/wp\/v2\/posts"}],"about":[{"href":"https:\/\/eldiarioantillano.com\/uno\/wp-json\/wp\/v2\/types\/post"}],"author":[{"embeddable":true,"href":"https:\/\/eldiarioantillano.com\/uno\/wp-json\/wp\/v2\/users\/2"}],"replies":[{"embeddable":true,"href":"https:\/\/eldiarioantillano.com\/uno\/wp-json\/wp\/v2\/comments?post=82026"}],"version-history":[{"count":4,"href":"https:\/\/eldiarioantillano.com\/uno\/wp-json\/wp\/v2\/posts\/82026\/revisions"}],"predecessor-version":[{"id":82032,"href":"https:\/\/eldiarioantillano.com\/uno\/wp-json\/wp\/v2\/posts\/82026\/revisions\/82032"}],"wp:featuredmedia":[{"embeddable":true,"href":"https:\/\/eldiarioantillano.com\/uno\/wp-json\/wp\/v2\/media\/82028"}],"wp:attachment":[{"href":"https:\/\/eldiarioantillano.com\/uno\/wp-json\/wp\/v2\/media?parent=82026"}],"wp:term":[{"taxonomy":"category","embeddable":true,"href":"https:\/\/eldiarioantillano.com\/uno\/wp-json\/wp\/v2\/categories?post=82026"},{"taxonomy":"post_tag","embeddable":true,"href":"https:\/\/eldiarioantillano.com\/uno\/wp-json\/wp\/v2\/tags?post=82026"}],"curies":[{"name":"wp","href":"https:\/\/api.w.org\/{rel}","templated":true}]}}