{"id":82013,"date":"2026-08-31T15:04:03","date_gmt":"2026-08-31T19:04:03","guid":{"rendered":"https:\/\/eldiarioantillano.com\/uno\/?p=82013"},"modified":"2026-08-31T15:04:03","modified_gmt":"2026-08-31T19:04:03","slug":"ivan-gaton-dictara-charla-este-lunes-31","status":"publish","type":"post","link":"https:\/\/eldiarioantillano.com\/uno\/2026\/08\/31\/ivan-gaton-dictara-charla-este-lunes-31\/","title":{"rendered":"Iv\u00e1n Gat\u00f3n dictar\u00e1 charla este lunes 31"},"content":{"rendered":"<div id=\":ay\" class=\"ii gt\">\n<div id=\":7r\" class=\"a3s aiL \">\n<div id=\"avWBGd-158\">\n<div dir=\"auto\">El encuentro \u00abLa cultura dominicana desde el punto de vista geopol\u00edtico\u00bb forma parte del ciclo de charlas de capacitaci\u00f3n cultural organizado por la Fundaci\u00f3n Amigos del Teatro Nacional, con el apoyo del Ministerio de Cultura.<\/div>\n<div dir=\"auto\"><\/div>\n<div dir=\"auto\"><\/div>\n<div dir=\"auto\"><\/div>\n<div dir=\"auto\"><\/div>\n<div dir=\"auto\"><\/div>\n<div dir=\"auto\"><\/div>\n<div dir=\"auto\"><\/div>\n<div dir=\"auto\"><\/div>\n<div dir=\"auto\"><\/div>\n<div dir=\"auto\"><\/div>\n<div dir=\"auto\"><\/div>\n<div dir=\"auto\"><\/div>\n<div dir=\"auto\"><\/div>\n<div dir=\"auto\"><\/div>\n<div dir=\"auto\"><\/div>\n<div dir=\"auto\"><\/div>\n<div dir=\"auto\"><\/div>\n<div class=\"yj6qo\"><\/div>\n<div class=\"adL\"><\/div>\n<\/div>\n<\/div>\n<\/div>\n<div id=\":7f\" class=\"hq gt \"><\/div>\n","protected":false},"excerpt":{"rendered":"<p>El encuentro \u00abLa cultura dominicana desde el punto de vista geopol\u00edtico\u00bb forma parte del ciclo&hellip;<\/p>\n","protected":false},"author":2,"featured_media":82011,"comment_status":"open","ping_status":"closed","sticky":false,"template":"","format":"gallery","meta":{"footnotes":""},"categories":[63],"tags":[],"class_list":["post-82013","post","type-post","status-publish","format-gallery","has-post-thumbnail","hentry","category-cultura","post_format-post-format-gallery"],"_links":{"self":[{"href":"https:\/\/eldiarioantillano.com\/uno\/wp-json\/wp\/v2\/posts\/82013","targetHints":{"allow":["GET"]}}],"collection":[{"href":"https:\/\/eldiarioantillano.com\/uno\/wp-json\/wp\/v2\/posts"}],"about":[{"href":"https:\/\/eldiarioantillano.com\/uno\/wp-json\/wp\/v2\/types\/post"}],"author":[{"embeddable":true,"href":"https:\/\/eldiarioantillano.com\/uno\/wp-json\/wp\/v2\/users\/2"}],"replies":[{"embeddable":true,"href":"https:\/\/eldiarioantillano.com\/uno\/wp-json\/wp\/v2\/comments?post=82013"}],"version-history":[{"count":1,"href":"https:\/\/eldiarioantillano.com\/uno\/wp-json\/wp\/v2\/posts\/82013\/revisions"}],"predecessor-version":[{"id":82015,"href":"https:\/\/eldiarioantillano.com\/uno\/wp-json\/wp\/v2\/posts\/82013\/revisions\/82015"}],"wp:featuredmedia":[{"embeddable":true,"href":"https:\/\/eldiarioantillano.com\/uno\/wp-json\/wp\/v2\/media\/82011"}],"wp:attachment":[{"href":"https:\/\/eldiarioantillano.com\/uno\/wp-json\/wp\/v2\/media?parent=82013"}],"wp:term":[{"taxonomy":"category","embeddable":true,"href":"https:\/\/eldiarioantillano.com\/uno\/wp-json\/wp\/v2\/categories?post=82013"},{"taxonomy":"post_tag","embeddable":true,"href":"https:\/\/eldiarioantillano.com\/uno\/wp-json\/wp\/v2\/tags?post=82013"}],"curies":[{"name":"wp","href":"https:\/\/api.w.org\/{rel}","templated":true}]}}