{"id":82004,"date":"2026-08-31T00:00:54","date_gmt":"2026-08-31T04:00:54","guid":{"rendered":"https:\/\/eldiarioantillano.com\/uno\/?p=82004"},"modified":"2026-08-30T21:33:15","modified_gmt":"2026-08-31T01:33:15","slug":"rector-de-universidad-haitiana-critica-incapacidad-de-maestros","status":"publish","type":"post","link":"https:\/\/eldiarioantillano.com\/uno\/2026\/08\/31\/rector-de-universidad-haitiana-critica-incapacidad-de-maestros\/","title":{"rendered":"Rector de universidad haitiana critica incapacidad de maestros"},"content":{"rendered":"<div class=\"elementor-element elementor-element-41212fa e-flex e-con-boxed e-con e-parent e-lazyloaded\" data-id=\"41212fa\" data-element_type=\"container\" data-e-type=\"container\">\n<div class=\"e-con-inner\">\n<div class=\"elementor-element elementor-element-1379ac8 e-con-full e-flex e-con e-child\" data-id=\"1379ac8\" data-element_type=\"container\" data-e-type=\"container\">\n<div class=\"elementor-element elementor-element-67d10ba elementor-widget elementor-widget-theme-post-title elementor-page-title elementor-widget-heading\" data-id=\"67d10ba\" data-element_type=\"widget\" data-e-type=\"widget\" data-widget_type=\"theme-post-title.default\">\n<div class=\"elementor-widget-container\">\n<p class=\"elementor-heading-title elementor-size-default\"><span style=\"font-family: 'PT Serif', serif; font-size: 14px;\">Puerto Pr\u00edncipe (Prensa Latina) Casi el 90 por ciento de los docentes del sure\u00f1o departamento haitiano de Grand&#8217;Anse revelan incapacidad al impartir sus clases, seg\u00fan una encuesta con 300 alumnos, divulgada hoy por un peri\u00f3dico local.<\/span><\/p>\n<p>\u201cMientras no se priorice la educaci\u00f3n y permitamos que los parlamentarios y senadores nombren profesores en las aulas, la situaci\u00f3n seguir\u00e1 igual\u00bb, declar\u00f3 el rector del alto centro de estudios, Jean Rony Medy, citado por el peri\u00f3dico Le Nouvelliste.<\/p>\n<p>Un art\u00edculo del diario titulado \u201cestos profesores que no saben leer ni escribir\u201d incluye un llamado del acad\u00e9mico a evitar \u201cque los gobernantes electos en las pr\u00f3ximas elecciones favorezcan tambi\u00e9n como maestros a sus protegidos, entre familiares o simpatizantes\u201d.<\/p>\n<p>Pero \u2014subray\u00f3 el rector\u2014 el problema no radica en el principio de los nombramientos en s\u00ed, \u201csino en la incompetencia de muchos de estos pocos afortunados\u201d, al ser ocupados en puestos pedag\u00f3gicos sin reunir los requisitos.<\/p>\n<p>El acad\u00e9mico calific\u00f3 de \u201calarmantes\u201d los resultados de una muestra bajo supervisi\u00f3n suya en 282 escuelas con cerca de cinco mil docentes, pues \u201cde los 300 que proporcionaron sus perfiles acad\u00e9micos, un n\u00famero significativo carec\u00eda de formaci\u00f3n pedag\u00f3gica inicial\u00bb.<\/p>\n<p>\u201cEsas personas \u2014enfatiz\u00f3\u2014 jam\u00e1s deber\u00edan haber estado frente a estudiantes, pero imparten clases en las escuelas p\u00fablicas del pa\u00eds\u201d.<\/p>\n<p>Seg\u00fan <em>Le Nouvelliste:<\/em> \u201cDesde 1804, la asistencia en Hait\u00ed a la escuela fue reservada a una \u00e9lite, pero, desde principios de la d\u00e9cada de 1970, la escolarizaci\u00f3n se convirti\u00f3 en aspiraci\u00f3n imperiosa, un derecho que deb\u00eda conquistarse, una obligaci\u00f3n que deb\u00eda cumplirse\u201d.<\/p>\n<p>mar\/apb<\/p>\n<\/div>\n<\/div>\n<\/div>\n<\/div>\n<\/div>\n","protected":false},"excerpt":{"rendered":"<p>Puerto Pr\u00edncipe (Prensa Latina) Casi el 90 por ciento de los docentes del sure\u00f1o departamento&hellip;<\/p>\n","protected":false},"author":2,"featured_media":74105,"comment_status":"open","ping_status":"closed","sticky":false,"template":"","format":"standard","meta":{"footnotes":""},"categories":[203,52,53],"tags":[],"class_list":["post-82004","post","type-post","status-publish","format-standard","has-post-thumbnail","hentry","category-antillas","category-internacionales","category-prensa-latina"],"_links":{"self":[{"href":"https:\/\/eldiarioantillano.com\/uno\/wp-json\/wp\/v2\/posts\/82004","targetHints":{"allow":["GET"]}}],"collection":[{"href":"https:\/\/eldiarioantillano.com\/uno\/wp-json\/wp\/v2\/posts"}],"about":[{"href":"https:\/\/eldiarioantillano.com\/uno\/wp-json\/wp\/v2\/types\/post"}],"author":[{"embeddable":true,"href":"https:\/\/eldiarioantillano.com\/uno\/wp-json\/wp\/v2\/users\/2"}],"replies":[{"embeddable":true,"href":"https:\/\/eldiarioantillano.com\/uno\/wp-json\/wp\/v2\/comments?post=82004"}],"version-history":[{"count":1,"href":"https:\/\/eldiarioantillano.com\/uno\/wp-json\/wp\/v2\/posts\/82004\/revisions"}],"predecessor-version":[{"id":82005,"href":"https:\/\/eldiarioantillano.com\/uno\/wp-json\/wp\/v2\/posts\/82004\/revisions\/82005"}],"wp:featuredmedia":[{"embeddable":true,"href":"https:\/\/eldiarioantillano.com\/uno\/wp-json\/wp\/v2\/media\/74105"}],"wp:attachment":[{"href":"https:\/\/eldiarioantillano.com\/uno\/wp-json\/wp\/v2\/media?parent=82004"}],"wp:term":[{"taxonomy":"category","embeddable":true,"href":"https:\/\/eldiarioantillano.com\/uno\/wp-json\/wp\/v2\/categories?post=82004"},{"taxonomy":"post_tag","embeddable":true,"href":"https:\/\/eldiarioantillano.com\/uno\/wp-json\/wp\/v2\/tags?post=82004"}],"curies":[{"name":"wp","href":"https:\/\/api.w.org\/{rel}","templated":true}]}}