{"id":82001,"date":"2026-08-31T00:00:41","date_gmt":"2026-08-31T04:00:41","guid":{"rendered":"https:\/\/eldiarioantillano.com\/uno\/?p=82001"},"modified":"2026-08-30T13:32:19","modified_gmt":"2026-08-30T17:32:19","slug":"dirigente-de-adp-de-montecristi-aspira-a-ser-miembro-de-su-comite-ejecutivo","status":"publish","type":"post","link":"https:\/\/eldiarioantillano.com\/uno\/2026\/08\/31\/dirigente-de-adp-de-montecristi-aspira-a-ser-miembro-de-su-comite-ejecutivo\/","title":{"rendered":"Dirigente de ADP de Montecristi aspira a ser miembro de su comit\u00e9 ejecutivo"},"content":{"rendered":"<p>Yv\u00e1n Rodr\u00edguez ha sido en dos ocasiones presidente de la seccional de la Asociaci\u00f3n Dominicana de Profesores en Guayub\u00edn, el municipio m\u00e1s extenso y populoso de la provincia<\/p>\n","protected":false},"excerpt":{"rendered":"<p>Yv\u00e1n Rodr\u00edguez ha sido en dos ocasiones presidente de la seccional de la Asociaci\u00f3n Dominicana&hellip;<\/p>\n","protected":false},"author":2,"featured_media":82002,"comment_status":"open","ping_status":"closed","sticky":false,"template":"","format":"standard","meta":{"footnotes":""},"categories":[57],"tags":[],"class_list":["post-82001","post","type-post","status-publish","format-standard","has-post-thumbnail","hentry","category-montecristi"],"_links":{"self":[{"href":"https:\/\/eldiarioantillano.com\/uno\/wp-json\/wp\/v2\/posts\/82001","targetHints":{"allow":["GET"]}}],"collection":[{"href":"https:\/\/eldiarioantillano.com\/uno\/wp-json\/wp\/v2\/posts"}],"about":[{"href":"https:\/\/eldiarioantillano.com\/uno\/wp-json\/wp\/v2\/types\/post"}],"author":[{"embeddable":true,"href":"https:\/\/eldiarioantillano.com\/uno\/wp-json\/wp\/v2\/users\/2"}],"replies":[{"embeddable":true,"href":"https:\/\/eldiarioantillano.com\/uno\/wp-json\/wp\/v2\/comments?post=82001"}],"version-history":[{"count":1,"href":"https:\/\/eldiarioantillano.com\/uno\/wp-json\/wp\/v2\/posts\/82001\/revisions"}],"predecessor-version":[{"id":82003,"href":"https:\/\/eldiarioantillano.com\/uno\/wp-json\/wp\/v2\/posts\/82001\/revisions\/82003"}],"wp:featuredmedia":[{"embeddable":true,"href":"https:\/\/eldiarioantillano.com\/uno\/wp-json\/wp\/v2\/media\/82002"}],"wp:attachment":[{"href":"https:\/\/eldiarioantillano.com\/uno\/wp-json\/wp\/v2\/media?parent=82001"}],"wp:term":[{"taxonomy":"category","embeddable":true,"href":"https:\/\/eldiarioantillano.com\/uno\/wp-json\/wp\/v2\/categories?post=82001"},{"taxonomy":"post_tag","embeddable":true,"href":"https:\/\/eldiarioantillano.com\/uno\/wp-json\/wp\/v2\/tags?post=82001"}],"curies":[{"name":"wp","href":"https:\/\/api.w.org\/{rel}","templated":true}]}}