{"id":81993,"date":"2026-08-30T00:11:55","date_gmt":"2026-08-30T04:11:55","guid":{"rendered":"https:\/\/eldiarioantillano.com\/uno\/?p=81993"},"modified":"2026-08-29T18:19:58","modified_gmt":"2026-08-29T22:19:58","slug":"defensa-del-voto-reeditan-marcha-sobre-washington-en-capital-de-ee-uu","status":"publish","type":"post","link":"https:\/\/eldiarioantillano.com\/uno\/2026\/08\/30\/defensa-del-voto-reeditan-marcha-sobre-washington-en-capital-de-ee-uu\/","title":{"rendered":"Defensa del voto, reeditan Marcha sobre Washington en capital de EE. UU."},"content":{"rendered":"<div class=\"elementor-element elementor-element-5a38e61 e-flex e-con-boxed e-con e-child\" data-id=\"5a38e61\" data-element_type=\"container\" data-e-type=\"container\">\n<div class=\"e-con-inner\">\n<div class=\"elementor-element elementor-element-d2a4feb elementor-widget elementor-widget-theme-post-excerpt\" data-id=\"d2a4feb\" data-element_type=\"widget\" data-e-type=\"widget\" data-widget_type=\"theme-post-excerpt.default\">\n<p class=\"elementor-widget-container\">Washington (Prensa Latina) Miles de personas se congregaron en el Lincoln Memorial, en la capital de Estados Unidos, para reeditar la Marcha sobre Washington que, 63 a\u00f1os atr\u00e1s, encabez\u00f3 el icono de los derechos civiles Martin Luther King Jr.<\/p>\n<p>En esta ocasi\u00f3n, convocada por la National Action Network y el Drum Major Institute, la movilizaci\u00f3n visibiliz\u00f3 una exigencia: la defensa del voto en un momento en que no pocos derechos de los estadounidenses son vulnerados.<\/p>\n<p>Alexandria Ocasio-Cortez, integrante dem\u00f3crata de la C\u00e1mara de Representantes, una de los varios oradores de la jornada, destac\u00f3 la trascendencia de la Marcha liderada por King y el momento que vive Estados Unidos.<\/p>\n<p>La libertad de los negros, la libertad civil y toda nuestra plena libertad requieren libertad econ\u00f3mica, porque si no podemos ejercer nuestros derechos m\u00e1s b\u00e1sicos \u2014un techo bajo el cual formar una familia, alimentos para sustentar nuestras vidas y una educaci\u00f3n con la que prosperar\u2014, entonces eso no es libertad en absoluto, subray\u00f3 la congresista de Nueva York.<\/p>\n<p>El senador independiente por Vermont Bernie Sanders hizo una arenga a la unidad \u201cde negros, blancos, latinos, asi\u00e1tico-estadounidenses, ind\u00edgenas estadounidenses e inmigrantes\u201d que integran el gran abanico de la sociedad.<\/p>\n<p>Mientras Hakeem Jeffries, l\u00edder de la minor\u00eda (dem\u00f3crata) en la C\u00e1mara de Representantes, ironiz\u00f3 que \u201ctenemos a alguien que nos odia en la Casa Blanca, una guerra imprudente y costosa, elegida a prop\u00f3sito, que se libra en el Oriente Medio , y una Corte Suprema que est\u00e1 fuera de control\u201d.<\/p>\n<p>El desempleo entre la poblaci\u00f3n negra ha aumentado -dijo-; la propiedad de la vivienda entre la poblaci\u00f3n negra ha disminuido y la representaci\u00f3n pol\u00edtica de la poblaci\u00f3n negra est\u00e1 siendo atacada. \u201cSon tiempos dif\u00edciles\u201d, afirm\u00f3.<\/p>\n<p>Jeffries aprovech\u00f3 para pronosticar una victoria para los dem\u00f3cratas en las elecciones legislativas del 3 de noviembre.<\/p>\n<p>Fue en la marcha del 28 de agosto de 1963 por el trabajo y la libertad \u2014en la que participaron m\u00e1s de 250 mil personas\u2014, donde Martin Luther King pronunci\u00f3 su hist\u00f3rico discurso \u201cYo tengo un sue\u00f1o\u201d. Quienes pasaron ante el podio en la base del monumento a Abraham Lincoln, decimosexto presidente de Estados Unidos, coincidieron en que a\u00fan hay metas incumplidas en el pa\u00eds so\u00f1ado por Martin Luther King.<\/p>\n<p>Como expresar\u00e1 Yvette D. Clarke, presidenta del Caucus Negro del Congreso, la ocasi\u00f3n ha sido \u201cm\u00e1s que una conmemoraci\u00f3n: es un llamado a la acci\u00f3n\u201d.<\/p>\n<p>La Marcha sobre Washington del \u201963 fue una de las mayores en la historia de los Estados Unidos y en su discurso, el destacado pastor bautista inst\u00f3 a construir un mundo en el que los individuos fueran juzgados por su car\u00e1cter y no por su raza o el color de su piel.<\/p>\n<p>En septiembre del mismo a\u00f1o, el entonces presidente John F. Kennedy, present\u00f3 al Congreso una nueva legislaci\u00f3n de derechos civiles, que se convirti\u00f3 en ley en julio de 1964.<\/p>\n<p>mh\/dfm<\/p>\n<\/div>\n<\/div>\n<\/div>\n<div class=\"elementor-element elementor-element-f5ec5bf e-flex e-con-boxed e-con e-child\" data-id=\"f5ec5bf\" data-element_type=\"container\" data-e-type=\"container\">\n<div class=\"e-con-inner\"><\/div>\n<\/div>\n<div class=\"elementor-element elementor-element-80c8584 elementor-mobile-align-left elementor-widget elementor-widget-post-info\" data-id=\"80c8584\" data-element_type=\"widget\" data-e-type=\"widget\" data-widget_type=\"post-info.default\">\n<div class=\"elementor-widget-container\">\n<p>&nbsp;<\/p>\n<\/div>\n<\/div>\n","protected":false},"excerpt":{"rendered":"<p>Washington (Prensa Latina) Miles de personas se congregaron en el Lincoln Memorial, en la capital&hellip;<\/p>\n","protected":false},"author":2,"featured_media":81994,"comment_status":"open","ping_status":"closed","sticky":false,"template":"","format":"standard","meta":{"footnotes":""},"categories":[52,53],"tags":[],"class_list":["post-81993","post","type-post","status-publish","format-standard","has-post-thumbnail","hentry","category-internacionales","category-prensa-latina"],"_links":{"self":[{"href":"https:\/\/eldiarioantillano.com\/uno\/wp-json\/wp\/v2\/posts\/81993","targetHints":{"allow":["GET"]}}],"collection":[{"href":"https:\/\/eldiarioantillano.com\/uno\/wp-json\/wp\/v2\/posts"}],"about":[{"href":"https:\/\/eldiarioantillano.com\/uno\/wp-json\/wp\/v2\/types\/post"}],"author":[{"embeddable":true,"href":"https:\/\/eldiarioantillano.com\/uno\/wp-json\/wp\/v2\/users\/2"}],"replies":[{"embeddable":true,"href":"https:\/\/eldiarioantillano.com\/uno\/wp-json\/wp\/v2\/comments?post=81993"}],"version-history":[{"count":1,"href":"https:\/\/eldiarioantillano.com\/uno\/wp-json\/wp\/v2\/posts\/81993\/revisions"}],"predecessor-version":[{"id":81995,"href":"https:\/\/eldiarioantillano.com\/uno\/wp-json\/wp\/v2\/posts\/81993\/revisions\/81995"}],"wp:featuredmedia":[{"embeddable":true,"href":"https:\/\/eldiarioantillano.com\/uno\/wp-json\/wp\/v2\/media\/81994"}],"wp:attachment":[{"href":"https:\/\/eldiarioantillano.com\/uno\/wp-json\/wp\/v2\/media?parent=81993"}],"wp:term":[{"taxonomy":"category","embeddable":true,"href":"https:\/\/eldiarioantillano.com\/uno\/wp-json\/wp\/v2\/categories?post=81993"},{"taxonomy":"post_tag","embeddable":true,"href":"https:\/\/eldiarioantillano.com\/uno\/wp-json\/wp\/v2\/tags?post=81993"}],"curies":[{"name":"wp","href":"https:\/\/api.w.org\/{rel}","templated":true}]}}