{"id":81991,"date":"2026-08-30T00:01:28","date_gmt":"2026-08-30T04:01:28","guid":{"rendered":"https:\/\/eldiarioantillano.com\/uno\/?p=81991"},"modified":"2026-08-29T18:24:04","modified_gmt":"2026-08-29T22:24:04","slug":"miles-de-haitianos-huyen-de-municipio-de-kenscoff-tras-cruento-ataque","status":"publish","type":"post","link":"https:\/\/eldiarioantillano.com\/uno\/2026\/08\/30\/miles-de-haitianos-huyen-de-municipio-de-kenscoff-tras-cruento-ataque\/","title":{"rendered":"Miles de haitianos huyen de municipio de Kenscoff tras cruento ataque"},"content":{"rendered":"<div class=\"elementor-element elementor-element-41212fa e-flex e-con-boxed e-con e-parent e-lazyloaded\" data-id=\"41212fa\" data-element_type=\"container\" data-e-type=\"container\">\n<div class=\"e-con-inner\">\n<div class=\"elementor-element elementor-element-1379ac8 e-con-full e-flex e-con e-child\" data-id=\"1379ac8\" data-element_type=\"container\" data-e-type=\"container\">\n<div class=\"elementor-element elementor-element-67d10ba elementor-widget elementor-widget-theme-post-title elementor-page-title elementor-widget-heading\" data-id=\"67d10ba\" data-element_type=\"widget\" data-e-type=\"widget\" data-widget_type=\"theme-post-title.default\">\n<div class=\"elementor-widget-container\">\n<p class=\"elementor-heading-title elementor-size-default\"><span style=\"font-family: 'PT Serif', serif; font-size: 14px;\">Puerto Pr\u00edncipe (Prensa Latina) Unos dos mil 600 haitianos abandonaron hasta hoy el municipio metropolitano de Kenscoff tras un ataque el 23 de agosto con saldo de 40 muertos por bandas armadas que imponen la violencia en el pa\u00eds, inform\u00f3 un diario local.<\/span><\/p>\n<p>Los desplazados, que dejaron unos 700 hogares, encontraron refugio en el vecino municipio de P\u00e9tion-Ville y en albergues de emergencia, seg\u00fan un reporte de la Organizaci\u00f3n Internacional para las Migraciones, citado por el peri\u00f3dico Le Nouvelliste.<\/p>\n<p>La Polic\u00eda Nacional nombr\u00f3 a un nuevo jefe de la jurisdicci\u00f3n de Kenscoff luego del ataque, considerado como una \u201cmasacre\u201d por las autoridades y por organismos de Derechos Humanos nacionales y extranjeros, a\u00f1adi\u00f3 la publicaci\u00f3n.<\/p>\n<p>El comisionado jefe Jean-Pierre Ketler Mariceau tom\u00f3 posesi\u00f3n del cargo al frente de la comisar\u00eda del municipio, en lugar del inspector Nikenson Cadet, muy criticado hasta ahora por su mal desempe\u00f1o en el puesto.<\/p>\n<p>La zona metropolitana de Kenscoff fue objeto durante los \u00faltimos meses de frecuentes acciones militares por parte de las pandillas armadas, que mantienen al pa\u00eds en una crisis general.<\/p>\n<p>mem\/apb<\/p>\n<\/div>\n<\/div>\n<\/div>\n<\/div>\n<\/div>\n","protected":false},"excerpt":{"rendered":"<p>Puerto Pr\u00edncipe (Prensa Latina) Unos dos mil 600 haitianos abandonaron hasta hoy el municipio metropolitano&hellip;<\/p>\n","protected":false},"author":2,"featured_media":66353,"comment_status":"open","ping_status":"closed","sticky":false,"template":"","format":"standard","meta":{"footnotes":""},"categories":[203,52,53],"tags":[],"class_list":["post-81991","post","type-post","status-publish","format-standard","has-post-thumbnail","hentry","category-antillas","category-internacionales","category-prensa-latina"],"_links":{"self":[{"href":"https:\/\/eldiarioantillano.com\/uno\/wp-json\/wp\/v2\/posts\/81991","targetHints":{"allow":["GET"]}}],"collection":[{"href":"https:\/\/eldiarioantillano.com\/uno\/wp-json\/wp\/v2\/posts"}],"about":[{"href":"https:\/\/eldiarioantillano.com\/uno\/wp-json\/wp\/v2\/types\/post"}],"author":[{"embeddable":true,"href":"https:\/\/eldiarioantillano.com\/uno\/wp-json\/wp\/v2\/users\/2"}],"replies":[{"embeddable":true,"href":"https:\/\/eldiarioantillano.com\/uno\/wp-json\/wp\/v2\/comments?post=81991"}],"version-history":[{"count":1,"href":"https:\/\/eldiarioantillano.com\/uno\/wp-json\/wp\/v2\/posts\/81991\/revisions"}],"predecessor-version":[{"id":81992,"href":"https:\/\/eldiarioantillano.com\/uno\/wp-json\/wp\/v2\/posts\/81991\/revisions\/81992"}],"wp:featuredmedia":[{"embeddable":true,"href":"https:\/\/eldiarioantillano.com\/uno\/wp-json\/wp\/v2\/media\/66353"}],"wp:attachment":[{"href":"https:\/\/eldiarioantillano.com\/uno\/wp-json\/wp\/v2\/media?parent=81991"}],"wp:term":[{"taxonomy":"category","embeddable":true,"href":"https:\/\/eldiarioantillano.com\/uno\/wp-json\/wp\/v2\/categories?post=81991"},{"taxonomy":"post_tag","embeddable":true,"href":"https:\/\/eldiarioantillano.com\/uno\/wp-json\/wp\/v2\/tags?post=81991"}],"curies":[{"name":"wp","href":"https:\/\/api.w.org\/{rel}","templated":true}]}}