{"id":81155,"date":"2026-07-15T19:53:03","date_gmt":"2026-07-15T23:53:03","guid":{"rendered":"https:\/\/eldiarioantillano.com\/uno\/?p=81155"},"modified":"2026-07-15T19:53:03","modified_gmt":"2026-07-15T23:53:03","slug":"mexico-mantiene-comunicacion-con-venezuela-para-apoyo-tras-sismos","status":"publish","type":"post","link":"https:\/\/eldiarioantillano.com\/uno\/2026\/07\/15\/mexico-mantiene-comunicacion-con-venezuela-para-apoyo-tras-sismos\/","title":{"rendered":"M\u00e9xico mantiene comunicaci\u00f3n con Venezuela para apoyo tras sismos"},"content":{"rendered":"<div class=\"elementor-element elementor-element-41212fa e-flex e-con-boxed e-con e-parent e-lazyloaded\" data-id=\"41212fa\" data-element_type=\"container\" data-e-type=\"container\">\n<div class=\"e-con-inner\">\n<div class=\"elementor-element elementor-element-1379ac8 e-con-full e-flex e-con e-child\" data-id=\"1379ac8\" data-element_type=\"container\" data-e-type=\"container\">\n<div class=\"elementor-element elementor-element-67d10ba elementor-widget elementor-widget-theme-post-title elementor-page-title elementor-widget-heading\" data-id=\"67d10ba\" data-element_type=\"widget\" data-e-type=\"widget\" data-widget_type=\"theme-post-title.default\">\n<div class=\"elementor-widget-container\">\n<p class=\"elementor-heading-title elementor-size-default\"><span style=\"font-family: 'PT Serif', serif; font-size: 14px;\">Ciudad de M\u00e9xico (Prensa Latina) La presidenta de M\u00e9xico, Claudia Sheinbaum, afirm\u00f3 que su gobierno est\u00e1 en contacto con autoridades de Venezuela para continuar apoyando a ese pa\u00eds luego de los devastadores terremotos del 24 de junio.<\/span><\/p>\n<\/div>\n<\/div>\n<\/div>\n<\/div>\n<\/div>\n<div class=\"elementor-element elementor-element-6276117 e-flex e-con-boxed e-con e-parent e-lazyloaded\" data-id=\"6276117\" data-element_type=\"container\" data-e-type=\"container\">\n<div class=\"e-con-inner\">\n<div class=\"elementor-element elementor-element-ee759ba e-con-full e-flex e-con e-child\" data-id=\"ee759ba\" data-element_type=\"container\" data-e-type=\"container\">\n<div class=\"elementor-element elementor-element-f5ec5bf e-flex e-con-boxed e-con e-child\" data-id=\"f5ec5bf\" data-element_type=\"container\" data-e-type=\"container\">\n<div class=\"e-con-inner\">\u201cEst\u00e1 en contacto (el canciller) Roberto (Velasco) con la presidenta encargada de Venezuela (Delcy Rodr\u00edguez) y vamos a buscarla tambi\u00e9n esta semana para ver qu\u00e9 m\u00e1s necesitan para apoyarlos\u201d, asever\u00f3 la jefa del Ejecutivo.<\/div>\n<\/div>\n<div class=\"elementor-element elementor-element-0aea3a0 elementor-widget elementor-widget-theme-post-content\" data-id=\"0aea3a0\" data-element_type=\"widget\" data-e-type=\"widget\" data-widget_type=\"theme-post-content.default\">\n<div class=\"elementor-widget-container\">\n<p>Durante su habitual conferencia de prensa, la mandataria aludi\u00f3 al recibimiento el viernes del agrupamiento \u201cYumare\u201d, con rescatistas y personal de salud de la Defensa Nacional, tras sus labores en la naci\u00f3n suramericana.<\/p>\n<p>Calific\u00f3 de muy emotivo el evento, celebrado en el Estado de M\u00e9xico central, y resalt\u00f3 no solo el profesionalismo de los miembros del Ej\u00e9rcito, sino \u201cla entrega y el humanismo con el que hacen su trabajo\u201d.<\/p>\n<p>\u201cVamos a seguir ayudando. En todo lo que podamos siempre vamos a ayudar a los pueblos hermanos que sufren\u201d, reafirm\u00f3.<\/p>\n<p>De acuerdo con datos oficiales, el grupo \u2014integrado por 264 elementos y 18 binomios can\u00f3filos y que parti\u00f3 hacia esa naci\u00f3n un d\u00eda despu\u00e9s de la tragedia\u2014 logr\u00f3 el rescate de dos personas, dos canes y la recuperaci\u00f3n de 92 cuerpos, as\u00ed como la realizaci\u00f3n de dos mil 59 consultas m\u00e9dicas.<\/p>\n<p>M\u00e9xico traslad\u00f3 igualmente a esa naci\u00f3n m\u00e1s de 70 toneladas de despensas, insumos y herramientas por aire (a trav\u00e9s de un puente a\u00e9reo con ocho vuelos) y mar (con dos buques de la Marina), recolectados por la Embajada de Venezuela aqu\u00ed y la sociedad civil.<\/p>\n<p>Adem\u00e1s, distribuy\u00f3 m\u00e1s de 13 toneladas de medicamentos y envi\u00f3 ocho plantas generadoras de electricidad.<\/p>\n<p>Dos sismos de magnitud 7,2 y 7,5 estremecieron el 24 de junio varios estados de Venezuela, con saldo hasta el momento de cuatro mil 490 fallecidos y 16 mil 740 heridos, as\u00ed como da\u00f1os severos en infraestructura, seg\u00fan el balance m\u00e1s reciente.<\/p>\n<p>oda\/las<\/p>\n<\/div>\n<\/div>\n<\/div>\n<\/div>\n<\/div>\n","protected":false},"excerpt":{"rendered":"<p>Ciudad de M\u00e9xico (Prensa Latina) La presidenta de M\u00e9xico, Claudia Sheinbaum, afirm\u00f3 que su gobierno&hellip;<\/p>\n","protected":false},"author":2,"featured_media":81152,"comment_status":"closed","ping_status":"closed","sticky":false,"template":"","format":"standard","meta":{"footnotes":""},"categories":[52,53],"tags":[],"class_list":["post-81155","post","type-post","status-publish","format-standard","has-post-thumbnail","hentry","category-internacionales","category-prensa-latina"],"_links":{"self":[{"href":"https:\/\/eldiarioantillano.com\/uno\/wp-json\/wp\/v2\/posts\/81155","targetHints":{"allow":["GET"]}}],"collection":[{"href":"https:\/\/eldiarioantillano.com\/uno\/wp-json\/wp\/v2\/posts"}],"about":[{"href":"https:\/\/eldiarioantillano.com\/uno\/wp-json\/wp\/v2\/types\/post"}],"author":[{"embeddable":true,"href":"https:\/\/eldiarioantillano.com\/uno\/wp-json\/wp\/v2\/users\/2"}],"replies":[{"embeddable":true,"href":"https:\/\/eldiarioantillano.com\/uno\/wp-json\/wp\/v2\/comments?post=81155"}],"version-history":[{"count":1,"href":"https:\/\/eldiarioantillano.com\/uno\/wp-json\/wp\/v2\/posts\/81155\/revisions"}],"predecessor-version":[{"id":81156,"href":"https:\/\/eldiarioantillano.com\/uno\/wp-json\/wp\/v2\/posts\/81155\/revisions\/81156"}],"wp:featuredmedia":[{"embeddable":true,"href":"https:\/\/eldiarioantillano.com\/uno\/wp-json\/wp\/v2\/media\/81152"}],"wp:attachment":[{"href":"https:\/\/eldiarioantillano.com\/uno\/wp-json\/wp\/v2\/media?parent=81155"}],"wp:term":[{"taxonomy":"category","embeddable":true,"href":"https:\/\/eldiarioantillano.com\/uno\/wp-json\/wp\/v2\/categories?post=81155"},{"taxonomy":"post_tag","embeddable":true,"href":"https:\/\/eldiarioantillano.com\/uno\/wp-json\/wp\/v2\/tags?post=81155"}],"curies":[{"name":"wp","href":"https:\/\/api.w.org\/{rel}","templated":true}]}}