{"id":81131,"date":"2026-07-14T16:07:31","date_gmt":"2026-07-14T20:07:31","guid":{"rendered":"https:\/\/eldiarioantillano.com\/uno\/?p=81131"},"modified":"2026-08-27T15:00:38","modified_gmt":"2026-08-27T19:00:38","slug":"congresista-de-ee-uu-sobre-bloqueo-a-cuba-inmoral-inexcusable-y-cruel","status":"publish","type":"post","link":"https:\/\/eldiarioantillano.com\/uno\/2026\/07\/14\/congresista-de-ee-uu-sobre-bloqueo-a-cuba-inmoral-inexcusable-y-cruel\/","title":{"rendered":"Congresista de EE. UU. sobre bloqueo a Cuba: Inmoral, inexcusable y cruel"},"content":{"rendered":"<div>\n<p class=\"gmail_quote\">\nWashington, 13 jul (Prensa Latina) La congresista estadounidense Delia Ram\u00edrez reiter\u00f3 hoy su reclamo de poner fin al bloqueo de Estados Unidos contra Cuba, al que calific\u00f3 de inmoral, inexcusable y cruel.<br \/>\nEn una declaraci\u00f3n emitida este lunes tras el regreso de una visita este fin de semana a la isla, Ram\u00edrez dijo: \u00abDebemos exigir el fin del bloqueo. Debemos poner fin a las sanciones. Debemos acabar con el asedio al pueblo cubano. Debemos oponernos a toda pol\u00edtica estadounidense que vulnere&#8230; y desmantelarla\u00bb.<br \/>\nMiembro de la C\u00e1mara de Representantes por Illinois, la congresista consider\u00f3 que \u00abnuestras pol\u00edticas imperialistas de 60 a\u00f1os de duraci\u00f3n \u2014incluido un bloqueo inmoral, inexcusable y cruel\u2014 han contribuido a las condiciones extremas que enfrentan los cubanos\u00bb.<\/p>\n<div id=\"attachment_81125\" style=\"width: 250px\" class=\"wp-caption alignright\"><img fetchpriority=\"high\" decoding=\"async\" aria-describedby=\"caption-attachment-81125\" class=\"wp-image-81125 size-medium\" src=\"https:\/\/eldiarioantillano.com\/uno\/wp-content\/uploads\/2026\/07\/500px-Rep._Delia_Ramirez_official_portrait_118th_Congress-240x300.jpg\" alt=\"\" width=\"240\" height=\"300\" srcset=\"https:\/\/eldiarioantillano.com\/uno\/wp-content\/uploads\/2026\/07\/500px-Rep._Delia_Ramirez_official_portrait_118th_Congress-240x300.jpg 240w, https:\/\/eldiarioantillano.com\/uno\/wp-content\/uploads\/2026\/07\/500px-Rep._Delia_Ramirez_official_portrait_118th_Congress.jpg 500w\" sizes=\"(max-width: 240px) 100vw, 240px\" \/><p id=\"caption-attachment-81125\" class=\"wp-caption-text\">Congresista Delia Ram\u00edrez<\/p><\/div>\n<p class=\"gmail_quote\">Coment\u00f3 que aun, ante todas las adversidades, escuch\u00f3 directamente del pueblo cubano que desean nuevas relaciones basadas en la cooperaci\u00f3n y la diplomacia.<br \/>\nA\u00f1adi\u00f3 la copresidenta y cofundadora del Caucus de Migraci\u00f3n Global que, bajo el pretexto de liberar al pueblo cubano, el Gobierno de Estados Unidos lo perjudica.<br \/>\n\u00abComo miembro del Congreso, es mi responsabilidad comprender los efectos de las pol\u00edticas de Estados Unidos en la vida de nuestros vecinos en Cuba\u00bb, explic\u00f3.<br \/>\nAl pedir que \u00abdebemos cambiar el rumbo\u00bb, Ram\u00edrez inst\u00f3 a aprobar de inmediato la Resoluci\u00f3n sobre Poderes de Guerra respecto a Cuba interpuesta por su colega dem\u00f3crata, la representante Nidia Vel\u00e1zquez, as\u00ed como la Ley del Nuevo Buen Vecino. \u00abPodemos y debemos ser buenos vecinos\u00bb, concluy\u00f3.<br \/>\nEl pasado 1 de julio, Ram\u00edrez se uni\u00f3 frente al Capitolio federal a los congresistas tambi\u00e9n dem\u00f3cratas Pramila Jayapal, Jonathan Jackson y Ro Khanna, en una conferencia de prensa en la que ratificaron su oposici\u00f3n a las actuales pol\u00edticas de la administraci\u00f3n de Donald Trump contra el pa\u00eds insular.<br \/>\nDesde que asumi\u00f3 su segundo periodo en la Casa Blanca el 20 de enero del pasado a\u00f1o, el presidente republicano redobl\u00f3 su apuesta contra Cuba.<\/p>\n<\/div>\n<p class=\"gmail_quote\" dir=\"auto\">Dfm<\/p>\n","protected":false},"excerpt":{"rendered":"<p>Washington, 13 jul (Prensa Latina) La congresista estadounidense Delia Ram\u00edrez reiter\u00f3 hoy su reclamo de&hellip;<\/p>\n","protected":false},"author":2,"featured_media":81125,"comment_status":"closed","ping_status":"closed","sticky":false,"template":"","format":"standard","meta":{"footnotes":""},"categories":[203,52,53],"tags":[],"class_list":["post-81131","post","type-post","status-publish","format-standard","has-post-thumbnail","hentry","category-antillas","category-internacionales","category-prensa-latina"],"_links":{"self":[{"href":"https:\/\/eldiarioantillano.com\/uno\/wp-json\/wp\/v2\/posts\/81131","targetHints":{"allow":["GET"]}}],"collection":[{"href":"https:\/\/eldiarioantillano.com\/uno\/wp-json\/wp\/v2\/posts"}],"about":[{"href":"https:\/\/eldiarioantillano.com\/uno\/wp-json\/wp\/v2\/types\/post"}],"author":[{"embeddable":true,"href":"https:\/\/eldiarioantillano.com\/uno\/wp-json\/wp\/v2\/users\/2"}],"replies":[{"embeddable":true,"href":"https:\/\/eldiarioantillano.com\/uno\/wp-json\/wp\/v2\/comments?post=81131"}],"version-history":[{"count":1,"href":"https:\/\/eldiarioantillano.com\/uno\/wp-json\/wp\/v2\/posts\/81131\/revisions"}],"predecessor-version":[{"id":81132,"href":"https:\/\/eldiarioantillano.com\/uno\/wp-json\/wp\/v2\/posts\/81131\/revisions\/81132"}],"wp:featuredmedia":[{"embeddable":true,"href":"https:\/\/eldiarioantillano.com\/uno\/wp-json\/wp\/v2\/media\/81125"}],"wp:attachment":[{"href":"https:\/\/eldiarioantillano.com\/uno\/wp-json\/wp\/v2\/media?parent=81131"}],"wp:term":[{"taxonomy":"category","embeddable":true,"href":"https:\/\/eldiarioantillano.com\/uno\/wp-json\/wp\/v2\/categories?post=81131"},{"taxonomy":"post_tag","embeddable":true,"href":"https:\/\/eldiarioantillano.com\/uno\/wp-json\/wp\/v2\/tags?post=81131"}],"curies":[{"name":"wp","href":"https:\/\/api.w.org\/{rel}","templated":true}]}}