{"id":81113,"date":"2026-07-14T00:00:15","date_gmt":"2026-07-14T04:00:15","guid":{"rendered":"https:\/\/eldiarioantillano.com\/uno\/?p=81113"},"modified":"2026-07-13T20:46:00","modified_gmt":"2026-07-14T00:46:00","slug":"senadores-encarnacion-y-rodriguez-encabezan-encuentro-sobre-camino-que-unira-4-provincias","status":"publish","type":"post","link":"https:\/\/eldiarioantillano.com\/uno\/2026\/07\/14\/senadores-encarnacion-y-rodriguez-encabezan-encuentro-sobre-camino-que-unira-4-provincias\/","title":{"rendered":"Senadores Encarnaci\u00f3n y Rodr\u00edguez encabezan encuentro sobre camino que unir\u00e1 4 provincias"},"content":{"rendered":"<p>El Maniel, Independencia.\u2013 Los senadores Jhonson Encarnaci\u00f3n, de la provincia El\u00edas Pi\u00f1a, y Dagoberto Rodr\u00edguez, de la provincia Independencia, encabezaron un encuentro de socializaci\u00f3n sobre la importancia del camino vecinal que conectar\u00e1 el municipio de Juan Santiago con la secci\u00f3n El Maniel, perteneciente al distrito municipal de Guayabal.<\/p>\n<p>La actividad se desarroll\u00f3 en la comunidad de El Maniel, donde las autoridades destacaron el impacto que tendr\u00e1 la habilitaci\u00f3n de este camino vecinal de aproximadamente nueve kil\u00f3metros, una obra que fortalecer\u00e1 la conectividad entre las provincias El\u00edas Pi\u00f1a, Independencia, San Juan y Bahoruco.<\/p>\n<p>Durante el encuentro, el director de la Unidad T\u00e9cnica Ejecutora de Proyectos de Desarrollo Agroforestal (UTEPDA), Frank Alejandro Herasme, explic\u00f3 que la instituci\u00f3n tiene a su cargo la ejecuci\u00f3n del proyecto, cuyo objetivo es mejorar el acceso a las comunidades, facilitar el transporte de la producci\u00f3n agr\u00edcola e impulsar el desarrollo econ\u00f3mico y social de toda la regi\u00f3n.<\/p>\n<div id=\"attachment_81114\" style=\"width: 1034px\" class=\"wp-caption aligncenter\"><img fetchpriority=\"high\" decoding=\"async\" aria-describedby=\"caption-attachment-81114\" class=\"wp-image-81114 size-large\" src=\"https:\/\/eldiarioantillano.com\/uno\/wp-content\/uploads\/2026\/07\/WhatsApp-Image-2026-07-13-at-5.30.39-PM-4-1024x768.jpeg\" alt=\"\" width=\"1024\" height=\"768\" srcset=\"https:\/\/eldiarioantillano.com\/uno\/wp-content\/uploads\/2026\/07\/WhatsApp-Image-2026-07-13-at-5.30.39-PM-4-1024x768.jpeg 1024w, https:\/\/eldiarioantillano.com\/uno\/wp-content\/uploads\/2026\/07\/WhatsApp-Image-2026-07-13-at-5.30.39-PM-4-300x225.jpeg 300w, https:\/\/eldiarioantillano.com\/uno\/wp-content\/uploads\/2026\/07\/WhatsApp-Image-2026-07-13-at-5.30.39-PM-4-768x576.jpeg 768w, https:\/\/eldiarioantillano.com\/uno\/wp-content\/uploads\/2026\/07\/WhatsApp-Image-2026-07-13-at-5.30.39-PM-4-1200x900.jpeg 1200w, https:\/\/eldiarioantillano.com\/uno\/wp-content\/uploads\/2026\/07\/WhatsApp-Image-2026-07-13-at-5.30.39-PM-4-1170x878.jpeg 1170w, https:\/\/eldiarioantillano.com\/uno\/wp-content\/uploads\/2026\/07\/WhatsApp-Image-2026-07-13-at-5.30.39-PM-4-585x439.jpeg 585w, https:\/\/eldiarioantillano.com\/uno\/wp-content\/uploads\/2026\/07\/WhatsApp-Image-2026-07-13-at-5.30.39-PM-4.jpeg 1280w\" sizes=\"(max-width: 1024px) 100vw, 1024px\" \/><p id=\"caption-attachment-81114\" class=\"wp-caption-text\">Parte del p\u00fablico asistente al acto.<\/p><\/div>\n<p>En la jornada tambi\u00e9n participaron el alcalde del municipio de Juan Santiago, Omar G\u00f3mez, y el director del distrito municipal de Guayabal, Wander Casanova, quienes resaltaron que esta obra representa un paso importante para la integraci\u00f3n de las comunidades fronterizas y el fortalecimiento de las oportunidades de desarrollo para sus habitantes.<\/p>\n<p>Los senadores Jhonson Encarnaci\u00f3n y Dagoberto Rodr\u00edguez reafirmaron su respaldo a la iniciativa y coincidieron en que la habilitaci\u00f3n de esta v\u00eda contribuir\u00e1 a dinamizar la econom\u00eda, mejorar la movilidad y elevar la calidad de vida de las familias de las cuatro provincias beneficiadas.<\/p>\n","protected":false},"excerpt":{"rendered":"<p>El Maniel, Independencia.\u2013 Los senadores Jhonson Encarnaci\u00f3n, de la provincia El\u00edas Pi\u00f1a, y Dagoberto Rodr\u00edguez,&hellip;<\/p>\n","protected":false},"author":2,"featured_media":81115,"comment_status":"closed","ping_status":"closed","sticky":false,"template":"","format":"standard","meta":{"footnotes":""},"categories":[55],"tags":[],"class_list":["post-81113","post","type-post","status-publish","format-standard","has-post-thumbnail","hentry","category-nacionales"],"_links":{"self":[{"href":"https:\/\/eldiarioantillano.com\/uno\/wp-json\/wp\/v2\/posts\/81113","targetHints":{"allow":["GET"]}}],"collection":[{"href":"https:\/\/eldiarioantillano.com\/uno\/wp-json\/wp\/v2\/posts"}],"about":[{"href":"https:\/\/eldiarioantillano.com\/uno\/wp-json\/wp\/v2\/types\/post"}],"author":[{"embeddable":true,"href":"https:\/\/eldiarioantillano.com\/uno\/wp-json\/wp\/v2\/users\/2"}],"replies":[{"embeddable":true,"href":"https:\/\/eldiarioantillano.com\/uno\/wp-json\/wp\/v2\/comments?post=81113"}],"version-history":[{"count":2,"href":"https:\/\/eldiarioantillano.com\/uno\/wp-json\/wp\/v2\/posts\/81113\/revisions"}],"predecessor-version":[{"id":81117,"href":"https:\/\/eldiarioantillano.com\/uno\/wp-json\/wp\/v2\/posts\/81113\/revisions\/81117"}],"wp:featuredmedia":[{"embeddable":true,"href":"https:\/\/eldiarioantillano.com\/uno\/wp-json\/wp\/v2\/media\/81115"}],"wp:attachment":[{"href":"https:\/\/eldiarioantillano.com\/uno\/wp-json\/wp\/v2\/media?parent=81113"}],"wp:term":[{"taxonomy":"category","embeddable":true,"href":"https:\/\/eldiarioantillano.com\/uno\/wp-json\/wp\/v2\/categories?post=81113"},{"taxonomy":"post_tag","embeddable":true,"href":"https:\/\/eldiarioantillano.com\/uno\/wp-json\/wp\/v2\/tags?post=81113"}],"curies":[{"name":"wp","href":"https:\/\/api.w.org\/{rel}","templated":true}]}}