{"id":81094,"date":"2026-07-13T00:01:48","date_gmt":"2026-07-13T04:01:48","guid":{"rendered":"https:\/\/eldiarioantillano.com\/uno\/?p=81094"},"modified":"2026-07-12T23:06:35","modified_gmt":"2026-07-13T03:06:35","slug":"hacienda-y-economia-culmina-consulta-nacional-para-incorporar-prioridades-ciudadanas-al-presupuesto-2027","status":"publish","type":"post","link":"https:\/\/eldiarioantillano.com\/uno\/2026\/07\/13\/hacienda-y-economia-culmina-consulta-nacional-para-incorporar-prioridades-ciudadanas-al-presupuesto-2027\/","title":{"rendered":"Hacienda y Econom\u00eda culmina consulta nacional para incorporar prioridades ciudadanas al presupuesto 2027"},"content":{"rendered":"<p><strong>Santo Domingo. \u2013<\/strong>\u00a0El Gobierno, a trav\u00e9s del Ministerio de Hacienda y Econom\u00eda, finaliz\u00f3 con \u00e9xito el amplio proceso de validaci\u00f3n y priorizaci\u00f3n de las demandas de la sociedad civil con el objetivo de ser evaluadas para eventualmente incluirlas en el Presupuesto General del Estado 2027.<\/p>\n<p>En ese sentido, luego de 32 sesiones realizadas a nivel nacional junto a las principales autoridades locales de los territorios representados en los Consejos de Desarrollo se identificaron un total de 503 demandas. Las sesiones incluyeron 31 encuentros a nivel provincial y uno en el Consejo Econ\u00f3mico y Social del Distrito Nacional.<\/p>\n<p>El proceso fue coordinado por la Direcci\u00f3n de Desarrollo y Planificaci\u00f3n Territorial del Viceministerio de Planificaci\u00f3n e Inversi\u00f3n P\u00fablica en los Consejos de Desarrollo bajo el liderazgo de las Gobernadoras en cada una de las provincias.<\/p>\n<p>Participaron en los encuentros los congresistas (senadores y diputados), alcaldes de los municipios al igual que los agentes sociales y econ\u00f3micos de cada demarcaci\u00f3n.<\/p>\n<p>Dentro de las demandas identificadas el sector transporte concentra la mayor cantidad con un 36%, seguido de vivienda y servicios comunitarios con un 19% e iniciativas de educaci\u00f3n con un 11%.<\/p>\n<p>Adem\u00e1s de estos, otros sectores identificados, aunque con menor cantidad de demanda se encuentran dentro del \u00e1rea de la salud, actividades deportivas, recreativas, culturales y religiosas, asuntos econ\u00f3micos, comerciales y laborales, administraci\u00f3n p\u00fablica, justicia, orden p\u00fablico y seguridad, entre otras.<\/p>\n<p>Tras la finalizaci\u00f3n, Erick Dorrejo, director de Desarrollo y Planificaci\u00f3n Territorial resalt\u00f3 que este levantamiento de demandas priorizadas, realizado a trav\u00e9s de los Consejos de Desarrollo, constituye un mecanismo esencial de gobernanza, ya que permite que las necesidades de cada territorio sean captadas de forma sistem\u00e1tica y oportuna para su incorporaci\u00f3n en el Presupuesto General del Estado, brindando respuesta a las solicitudes de la poblaci\u00f3n.<\/p>\n<p>Con la conclusi\u00f3n del proceso se dio cumplimiento a la circular DGP-SAL-2026-000529 remitida por la Direcci\u00f3n General de Presupuesto en fecha 16 de marzo del 2026 en la que se divulg\u00f3 el Calendario para la Formulaci\u00f3n Presupuestaria 2027 donde se establece que el Ministerio de Hacienda y Econom\u00eda es responsable de validar y priorizar las demandas de la sociedad civil para el Presupuesto General del Estado.<\/p>\n","protected":false},"excerpt":{"rendered":"<p>Santo Domingo. \u2013\u00a0El Gobierno, a trav\u00e9s del Ministerio de Hacienda y Econom\u00eda, finaliz\u00f3 con \u00e9xito&hellip;<\/p>\n","protected":false},"author":2,"featured_media":81097,"comment_status":"closed","ping_status":"closed","sticky":false,"template":"","format":"standard","meta":{"footnotes":""},"categories":[55],"tags":[],"class_list":["post-81094","post","type-post","status-publish","format-standard","has-post-thumbnail","hentry","category-nacionales"],"_links":{"self":[{"href":"https:\/\/eldiarioantillano.com\/uno\/wp-json\/wp\/v2\/posts\/81094","targetHints":{"allow":["GET"]}}],"collection":[{"href":"https:\/\/eldiarioantillano.com\/uno\/wp-json\/wp\/v2\/posts"}],"about":[{"href":"https:\/\/eldiarioantillano.com\/uno\/wp-json\/wp\/v2\/types\/post"}],"author":[{"embeddable":true,"href":"https:\/\/eldiarioantillano.com\/uno\/wp-json\/wp\/v2\/users\/2"}],"replies":[{"embeddable":true,"href":"https:\/\/eldiarioantillano.com\/uno\/wp-json\/wp\/v2\/comments?post=81094"}],"version-history":[{"count":1,"href":"https:\/\/eldiarioantillano.com\/uno\/wp-json\/wp\/v2\/posts\/81094\/revisions"}],"predecessor-version":[{"id":81098,"href":"https:\/\/eldiarioantillano.com\/uno\/wp-json\/wp\/v2\/posts\/81094\/revisions\/81098"}],"wp:featuredmedia":[{"embeddable":true,"href":"https:\/\/eldiarioantillano.com\/uno\/wp-json\/wp\/v2\/media\/81097"}],"wp:attachment":[{"href":"https:\/\/eldiarioantillano.com\/uno\/wp-json\/wp\/v2\/media?parent=81094"}],"wp:term":[{"taxonomy":"category","embeddable":true,"href":"https:\/\/eldiarioantillano.com\/uno\/wp-json\/wp\/v2\/categories?post=81094"},{"taxonomy":"post_tag","embeddable":true,"href":"https:\/\/eldiarioantillano.com\/uno\/wp-json\/wp\/v2\/tags?post=81094"}],"curies":[{"name":"wp","href":"https:\/\/api.w.org\/{rel}","templated":true}]}}