{"id":81091,"date":"2026-07-13T00:05:59","date_gmt":"2026-07-13T04:05:59","guid":{"rendered":"https:\/\/eldiarioantillano.com\/uno\/?p=81091"},"modified":"2026-07-12T23:07:03","modified_gmt":"2026-07-13T03:07:03","slug":"tenemos-universidad","status":"publish","type":"post","link":"https:\/\/eldiarioantillano.com\/uno\/2026\/07\/13\/tenemos-universidad\/","title":{"rendered":"\u00a1Tenemos universidad!"},"content":{"rendered":"<p>Por N\u00c9STOR EST\u00c9VEZ<\/p>\n<p>Son muchas las voces que agradecen porque mi pueblo ya tiene universidad con casa propia. Entre esas voces me cuento. \u00abEl agradecimiento es la memoria del coraz\u00f3n\u00bb, reza un planteamiento muy citado. Aunque la autor\u00eda, por vivir en tiempos en que cualquiera dice y mucha gente cree, se discute, lo cierto es que la gratitud es valios\u00edsima virtud.<\/p>\n<p>En lo personal, me sobran razones para agradecer. Rememorar la labor de docentes viajeros con pasi\u00f3n por estimular potenciales es un gran motivo para ello. Evocar actividades profundas para abrir el primer laboratorio de inform\u00e1tica en la extensi\u00f3n universitaria llena mi alma de gozo.<\/p>\n<p>As\u00ed podr\u00eda citar una lista muy amplia de recuerdos. Pero es mucho m\u00e1s enriquecedor centrarnos en lo colectivo, en el presente y en las posibilidades que eso tiene para generar un mejor futuro, que perfectamente puede comenzar ahora.<\/p>\n<p>Seg\u00fan rese\u00f1an medios de difusi\u00f3n, despu\u00e9s de 47 a\u00f1os de presencia universitaria en Santiago Rodr\u00edguez, los j\u00f3venes tendr\u00e1n mejores aulas, laboratorios, biblioteca, auditorio y espacios dignos para estudiar cerca de su casa.<\/p>\n<p>Eso importa mucho. Para una familia pobre o de clase media, estudiar lejos cuesta dinero, tiempo y sacrificios. Una universidad cercana puede cambiar destinos: evita viajes, reduce gastos y permite que m\u00e1s muchachos y muchachas sigan vinculados a su comunidad. Pero hay una pregunta clave: \u00bfpara qu\u00e9 sirve una universidad?<\/p>\n<p>No basta levantar paredes, comprar butacas o cortar cintas. Una universidad vale cuando ayuda a pensar mejor, vivir mejor y cuidar mejor el territorio. Desde 1538, entre cambios, dolores y esperanzas, la UASD ha vivido cierres, reaperturas, guerras, ocupaciones, dictadura y luchas por su autonom\u00eda. Esa trayectoria ense\u00f1a una lecci\u00f3n sencilla y muy valiosa: la universidad tiene el compromiso de marchar junto a la sociedad.<\/p>\n<p>En Santiago Rodr\u00edguez, la UASD puede formar profesionales que conozcan la tierra, el agua, la agropecuaria, el comercio, el ecoturismo, la cultura y los problemas reales de la zona.<\/p>\n<p>Edgar Morin, humanista fallecido recientemente, propuso saberes para orientar la educaci\u00f3n hacia el desarrollo sostenible. Su mensaje es claro: la humanidad debe aprender a vivir con durabilidad, sin destruir la Tierra que la sostiene. Morin propuso cambiar la forma de ense\u00f1ar. Explica que la econom\u00eda no est\u00e1 separada del ambiente, la salud no est\u00e1 separada de la pobreza y la tecnolog\u00eda no est\u00e1 separada de la \u00e9tica. Por eso, una carretera, una presa o una f\u00e1brica no son solo obras; tambi\u00e9n modifican paisajes, relaciones humanas y formas de vida.<\/p>\n<p>Por eso el conocimiento universitario debe estar conectado. Debe mirar el contexto y no quedarse en pedazos sueltos. Morin habla de identidad terrenal, una idea f\u00e1cil de entender: todos vivimos en la misma casa grande. Si da\u00f1amos los r\u00edos, los suelos y los bosques, terminamos da\u00f1ando nuestra propia vida.<\/p>\n<p>Desde esa mirada, el nuevo centro no debe limitarse a impartir clases. Sus laboratorios pueden estudiar la producci\u00f3n local y el uso del agua. Su biblioteca puede animar la lectura. Su auditorio puede recibir teatro, m\u00fasica, poes\u00eda y debates comunitarios. La universidad debe ser aula, pero tambi\u00e9n plaza p\u00fablica.<\/p>\n<p>Retomemos la pregunta clave. \u00bfPara qu\u00e9 sirve una universidad? Incluyamos otras preguntas. \u00bfQu\u00e9 puede aportar la universidad a la ganader\u00eda o al ecoturismo en Santiago Rodr\u00edguez? \u00bfC\u00f3mo puede la universidad contribuir a la cohesi\u00f3n social y a la articulaci\u00f3n con otros territorios? \u00bfC\u00f3mo puede apoyar el mejor aprovechamiento de la cercan\u00eda con Hait\u00ed o con el Puerto de Manzanillo?<\/p>\n<p>Una universidad que s\u00f3lo forme t\u00e9cnicos puede producir manos h\u00e1biles, pero no siempre ciudadanos responsables. La zona y el pa\u00eds necesitan personas capaces de dialogar, cuidar, crear y decidir con \u00e9tica. Ah\u00ed est\u00e1 la diferencia entre educar para un empleo y educar para la vida.<\/p>\n<p>Tambi\u00e9n hace falta ense\u00f1ar historia. Necesitamos saber de d\u00f3nde venimos, d\u00f3nde estamos y c\u00f3mo avanzar. Eso ayuda a entender que el progreso no cae del cielo. Sirve para entender qu\u00e9 se construye con conciencia, solidaridad, trabajo com\u00fan y apoyo mutuo.<\/p>\n<p>El Centro UASD Santiago Rodr\u00edguez ser\u00e1 valioso si conecta t\u00edtulos con territorio, ciencia con sensibilidad y futuro con sostenibilidad. Que sus aulas no fabriquen indiferencia, sino compromiso. Que nuestros j\u00f3venes aprendan a producir sin destruir y a crecer sin olvidar sus ra\u00edces. Necesitamos una universidad que, adem\u00e1s de entregar diplomas, ense\u00f1e a convivir mejor.<\/p>\n<p>&nbsp;<\/p>\n","protected":false},"excerpt":{"rendered":"<p>Por N\u00c9STOR EST\u00c9VEZ Son muchas las voces que agradecen porque mi pueblo ya tiene universidad&hellip;<\/p>\n","protected":false},"author":2,"featured_media":66757,"comment_status":"closed","ping_status":"closed","sticky":false,"template":"","format":"standard","meta":{"footnotes":""},"categories":[55,143,51],"tags":[],"class_list":["post-81091","post","type-post","status-publish","format-standard","has-post-thumbnail","hentry","category-nacionales","category-nestor-estevez","category-opinion"],"_links":{"self":[{"href":"https:\/\/eldiarioantillano.com\/uno\/wp-json\/wp\/v2\/posts\/81091","targetHints":{"allow":["GET"]}}],"collection":[{"href":"https:\/\/eldiarioantillano.com\/uno\/wp-json\/wp\/v2\/posts"}],"about":[{"href":"https:\/\/eldiarioantillano.com\/uno\/wp-json\/wp\/v2\/types\/post"}],"author":[{"embeddable":true,"href":"https:\/\/eldiarioantillano.com\/uno\/wp-json\/wp\/v2\/users\/2"}],"replies":[{"embeddable":true,"href":"https:\/\/eldiarioantillano.com\/uno\/wp-json\/wp\/v2\/comments?post=81091"}],"version-history":[{"count":2,"href":"https:\/\/eldiarioantillano.com\/uno\/wp-json\/wp\/v2\/posts\/81091\/revisions"}],"predecessor-version":[{"id":81093,"href":"https:\/\/eldiarioantillano.com\/uno\/wp-json\/wp\/v2\/posts\/81091\/revisions\/81093"}],"wp:featuredmedia":[{"embeddable":true,"href":"https:\/\/eldiarioantillano.com\/uno\/wp-json\/wp\/v2\/media\/66757"}],"wp:attachment":[{"href":"https:\/\/eldiarioantillano.com\/uno\/wp-json\/wp\/v2\/media?parent=81091"}],"wp:term":[{"taxonomy":"category","embeddable":true,"href":"https:\/\/eldiarioantillano.com\/uno\/wp-json\/wp\/v2\/categories?post=81091"},{"taxonomy":"post_tag","embeddable":true,"href":"https:\/\/eldiarioantillano.com\/uno\/wp-json\/wp\/v2\/tags?post=81091"}],"curies":[{"name":"wp","href":"https:\/\/api.w.org\/{rel}","templated":true}]}}