{"id":81086,"date":"2026-07-12T00:10:53","date_gmt":"2026-07-12T04:10:53","guid":{"rendered":"https:\/\/eldiarioantillano.com\/uno\/?p=81086"},"modified":"2026-07-11T22:35:16","modified_gmt":"2026-07-12T02:35:16","slug":"la-refundacion-de-las-izquierdas-dominicanas","status":"publish","type":"post","link":"https:\/\/eldiarioantillano.com\/uno\/2026\/07\/12\/la-refundacion-de-las-izquierdas-dominicanas\/","title":{"rendered":"La refundaci\u00f3n de las izquierdas dominicanas"},"content":{"rendered":"<p>Por LUIS SALAZAR<\/p>\n<p>A prop\u00f3sito del libro del compa\u00f1ero Luis Ulloa sobre la refundaci\u00f3n de las izquierdas dominicanas.<\/p>\n<p>Cuando hablamos de la refundaci\u00f3n de las izquierdas dominicanas, debemos preguntarnos qu\u00e9 significa realmente refundar. \u00bfSe trata simplemente de unir organizaciones? \u00bfDe elaborar nuevos documentos pol\u00edticos? \u00bfDe redefinir principios ideol\u00f3gicos? Todo eso puede ser importante, pero no es suficiente.<\/p>\n<p>La cuesti\u00f3n fundamental es c\u00f3mo convertir a la izquierda en una fuerza pol\u00edtica capaz de influir realmente en el rumbo del pa\u00eds y disputar espacios de poder. La historia nos demuestra que las organizaciones de izquierda han tenido una presencia significativa en las luchas populares, pero no se ha traducido en una acumulaci\u00f3n equivalente de fuerza electoral y representaci\u00f3n pol\u00edtica.<\/p>\n<p>Desde 1978, el principal escenario de lucha pol\u00edtica pas\u00f3 a ser el terreno electoral. A partir de entonces, las grandes decisiones, las pol\u00edticas, se aplican y c\u00f3mo se distribuye el poder se definen fundamentalmente a trav\u00e9s de las elecciones.<\/p>\n<p>Desde hace casi cincuenta a\u00f1os el acceso al poder pol\u00edtico depende de la capacidad de participar con \u00e9xito en los procesos electorales. Las cuotas de poder se obtienen mediante la participaci\u00f3n en aquellos, generando capacidad de movilizaci\u00f3n y propuestas capaces de conectar con las necesidades de la poblaci\u00f3n.<\/p>\n<p>Durante este mismo per\u00edodo, las izquierdas han mantenido una presencia importante en m\u00faltiples luchas sindicales, estudiantiles, comunitarias, ambientales, por los derechos democr\u00e1ticos y por las reivindicaciones populares en sentido general.<\/p>\n<p>Pero aqu\u00ed encontramos una contradicci\u00f3n fundamental.<\/p>\n<p>La izquierda suele estar presente cuando el pueblo lucha, pero no logra convertir esa presencia en victorias pol\u00edticas duraderas. Existe una brecha entre la lucha social y la representaci\u00f3n pol\u00edtica, entre la capacidad de movilizaci\u00f3n y la capacidad de conquistar espacios institucionales.<\/p>\n<p>Y precisamente ah\u00ed se encuentra uno de los principales problemas estrat\u00e9gicos que debe resolver cualquier proyecto de refundaci\u00f3n.<\/p>\n<p>Las experiencias de unificaci\u00f3n desarrolladas en distintos momentos, como las impulsadas por el PTD, el Bloque Socialista o el Movimiento por el Socialismo, muestran una lecci\u00f3n importante. La unidad ideol\u00f3gica es necesaria, pero por s\u00ed sola no garantiza crecimiento pol\u00edtico. Se puede tener coherencia doctrinal y, sin embargo, permanecer marginal si no logra construir fuerza social organizada y expresi\u00f3n electoral.<\/p>\n<p>La pol\u00edtica no es solo una lucha ideol\u00f3gica. Tambi\u00e9n se desarrolla en la disputa concreta por la representaci\u00f3n y por el poder.<\/p>\n<p>El caso de Colombia es paradigm\u00e1tico. A partir de la asunci\u00f3n de un gobierno de izquierda es que la izquierda colombiana ha podido unificar a varias de sus organizaciones y constituir el Pacto Hist\u00f3rico como una sola organizaci\u00f3n.<\/p>\n<p>Por eso, en nuestro caso, refundar la izquierda no puede significar \u00fanicamente reorganizar estructuras o discutir programas. Debe significar construir una estrategia que permita convertir el arraigo social en fuerza electoral.<\/p>\n<p>La pregunta ya no es \u00fanicamente c\u00f3mo acompa\u00f1ar las luchas populares, sino, tambi\u00e9n, c\u00f3mo lograr que esas luchas generen representaci\u00f3n pol\u00edtica, concejales, regidores, vocales, diputados, alcaldes y otras posiciones desde las cuales sea posible impulsar transformaciones concretas.<\/p>\n<p>La acumulaci\u00f3n pol\u00edtica debe expresarse tambi\u00e9n como acumulaci\u00f3n electoral.<\/p>\n<p>Esto exige varios cambios.<\/p>\n<p><strong>Primero<\/strong>, conectar las reivindicaciones sociales con propuestas concretas para la vida cotidiana de la poblaci\u00f3n. La gente no vota por principios generales; vota por soluciones a problemas reales.<\/p>\n<p><strong>Segundo<\/strong>, construir una presencia territorial permanente. Es necesario desarrollar v\u00ednculos estables con las comunidades y los sectores populares.<\/p>\n<p><strong>Tercero<\/strong>, formar liderazgos y candidaturas con capacidad de representar esas demandas y generar confianza en amplios sectores de la poblaci\u00f3n.<\/p>\n<p><strong>Cuarto, <\/strong>crear estructuras capaces de orientar, dirigir, animar la participaci\u00f3n electoral de quienes est\u00e1n dispersos. La militancia testimonial no es la que necesitamos. Necesitamos una militancia que construya, que produzca resultados, en fin, necesitamos una praxis militante (te\u00f3rica y pr\u00e1ctica), no una militancia te\u00f3rica que se cocina en su propia salsa, o una militancia solo pr\u00e1ctica que no sepa hacia d\u00f3nde va.<\/p>\n<p><strong>Y quinto<\/strong>, comprender que la conquista de poder suele ser un proceso gradual, empezando con peque\u00f1as cuotas de representaci\u00f3n, pero debe orientarse hacia un crecimiento sostenido.<\/p>\n<p>Estamos en un momento de resistencia y acumulaci\u00f3n, y, en este caso, la l\u00ednea debe ser avanzar resistiendo, pero no se avanza con discursos y buenas intenciones, sino con la asunci\u00f3n y realizaci\u00f3n de tareas concretas y reales.<\/p>\n<p>De cara al 2028, los grandes partidos ya se preparan para los procesos de selecci\u00f3n de candidaturas y para la pr\u00f3xima competencia electoral, las izquierdas deben decidir cu\u00e1l ser\u00e1 su papel en esta nueva etapa.<\/p>\n<p>Para las izquierdas organizadas y reconocidas electoralmente, el desaf\u00edo es mayor porque, de cara al 2028, estamos compelidos a sujetarnos a plazos fatales:<\/p>\n<ul>\n<li><strong>Primer domingo del mes de julio del 2027<\/strong>, inicio de la precampa\u00f1a para los precandidatos\/as.<\/li>\n<li><strong>3 de octubre de 2027<\/strong>: Fecha l\u00edmite para la celebraci\u00f3n de primarias internas por parte de los partidos pol\u00edticos.<\/li>\n<li><strong>31 de octubre de 2027<\/strong>: Fecha l\u00edmite para que las organizaciones pol\u00edticas realicen convenciones, asambleas o encuestas para elegir a sus candidatos.<\/li>\n<\/ul>\n<p>Colocarnos de cara al proceso electoral del 2028 implica identificaci\u00f3n de candidaturas, b\u00fasqueda de delegados\/as para los colegios electorales, b\u00fasqueda de recursos, definir estrategia electoral, discurso, desplegar actividades en los territorios, etc.<\/p>\n<p>La cuesti\u00f3n estrat\u00e9gica es sencilla: \u00bfseguir siendo \u00fanicamente una fuerza de resistencia y denuncia o convertirse tambi\u00e9n en una fuerza capaz de disputar gobierno y poder?<\/p>\n<p>La historia demuestra que las transformaciones profundas requieren movilizaci\u00f3n social y organizaci\u00f3n popular. Pero en las condiciones actuales de la Rep\u00fablica Dominicana, ninguna fuerza puede aspirar a influir decisivamente en el rumbo nacional si permanece al margen de la disputa electoral.<\/p>\n<p>Por eso, la refundaci\u00f3n de las izquierdas dominicanas pasa por superar la separaci\u00f3n hist\u00f3rica entre lucha social y victoria pol\u00edtica, por convertir la influencia social acumulada en representaci\u00f3n institucional y capacidad efectiva de decisi\u00f3n.<\/p>\n<p>En definitiva, el desaf\u00edo de hoy es el de construir estructuras y relaciones pol\u00edticas que nos conviertan, a los ojos de la gente, en reales mediadores para que se puedan alcanzar sus demandas m\u00e1s sentidas, pero hoy, no ma\u00f1ana. El desaf\u00edo es construir una izquierda capaz de luchar, representar, gobernar y transformar.<\/p>\n<p><strong>\u00a0<\/strong><\/p>\n","protected":false},"excerpt":{"rendered":"<p>Por LUIS SALAZAR A prop\u00f3sito del libro del compa\u00f1ero Luis Ulloa sobre la refundaci\u00f3n de&hellip;<\/p>\n","protected":false},"author":2,"featured_media":77129,"comment_status":"closed","ping_status":"closed","sticky":false,"template":"","format":"standard","meta":{"footnotes":""},"categories":[177,55,51],"tags":[],"class_list":["post-81086","post","type-post","status-publish","format-standard","has-post-thumbnail","hentry","category-luis-salazar","category-nacionales","category-opinion"],"_links":{"self":[{"href":"https:\/\/eldiarioantillano.com\/uno\/wp-json\/wp\/v2\/posts\/81086","targetHints":{"allow":["GET"]}}],"collection":[{"href":"https:\/\/eldiarioantillano.com\/uno\/wp-json\/wp\/v2\/posts"}],"about":[{"href":"https:\/\/eldiarioantillano.com\/uno\/wp-json\/wp\/v2\/types\/post"}],"author":[{"embeddable":true,"href":"https:\/\/eldiarioantillano.com\/uno\/wp-json\/wp\/v2\/users\/2"}],"replies":[{"embeddable":true,"href":"https:\/\/eldiarioantillano.com\/uno\/wp-json\/wp\/v2\/comments?post=81086"}],"version-history":[{"count":1,"href":"https:\/\/eldiarioantillano.com\/uno\/wp-json\/wp\/v2\/posts\/81086\/revisions"}],"predecessor-version":[{"id":81087,"href":"https:\/\/eldiarioantillano.com\/uno\/wp-json\/wp\/v2\/posts\/81086\/revisions\/81087"}],"wp:featuredmedia":[{"embeddable":true,"href":"https:\/\/eldiarioantillano.com\/uno\/wp-json\/wp\/v2\/media\/77129"}],"wp:attachment":[{"href":"https:\/\/eldiarioantillano.com\/uno\/wp-json\/wp\/v2\/media?parent=81086"}],"wp:term":[{"taxonomy":"category","embeddable":true,"href":"https:\/\/eldiarioantillano.com\/uno\/wp-json\/wp\/v2\/categories?post=81086"},{"taxonomy":"post_tag","embeddable":true,"href":"https:\/\/eldiarioantillano.com\/uno\/wp-json\/wp\/v2\/tags?post=81086"}],"curies":[{"name":"wp","href":"https:\/\/api.w.org\/{rel}","templated":true}]}}