{"id":81081,"date":"2026-07-11T22:17:29","date_gmt":"2026-07-12T02:17:29","guid":{"rendered":"https:\/\/eldiarioantillano.com\/uno\/?p=81081"},"modified":"2026-08-27T15:00:44","modified_gmt":"2026-08-27T19:00:44","slug":"bandas-haitianas-reanudan-ataques-contra-urbe-suroccidental","status":"publish","type":"post","link":"https:\/\/eldiarioantillano.com\/uno\/2026\/07\/11\/bandas-haitianas-reanudan-ataques-contra-urbe-suroccidental\/","title":{"rendered":"Bandas haitianas reanudan ataques contra urbe suroccidental"},"content":{"rendered":"<div class=\"elementor-element elementor-element-5a38e61 e-flex e-con-boxed e-con e-child\" data-id=\"5a38e61\" data-element_type=\"container\" data-e-type=\"container\">\n<div class=\"e-con-inner\">\n<div class=\"elementor-element elementor-element-d2a4feb elementor-widget elementor-widget-theme-post-excerpt\" data-id=\"d2a4feb\" data-element_type=\"widget\" data-e-type=\"widget\" data-widget_type=\"theme-post-excerpt.default\">\n<div class=\"elementor-widget-container\">Puerto Pr\u00edncipe (Prensa Latina) La coalici\u00f3n de pandillas criminales haitianas \u201cViv ansanm\u201d reanud\u00f3 sus ataques contra la localidad sudoccidental de Kenscoff, donde se registran hoy \u201cmuchos muertos y desaparecidos\u201d, seg\u00fan testimonios.<\/div>\n<\/div>\n<\/div>\n<\/div>\n<div class=\"elementor-element elementor-element-f5ec5bf e-flex e-con-boxed e-con e-child\" data-id=\"f5ec5bf\" data-element_type=\"container\" data-e-type=\"container\">\n<div class=\"e-con-inner\"><\/div>\n<\/div>\n<div class=\"elementor-element elementor-element-80c8584 elementor-mobile-align-left elementor-widget elementor-widget-post-info\" data-id=\"80c8584\" data-element_type=\"widget\" data-e-type=\"widget\" data-widget_type=\"post-info.default\">\n<div class=\"elementor-widget-container\">\n<p>Los pandilleros realizan sus ataques desde el domingo, pero solo el primero de ellos fue repelido por las fuerzas del orden, de acuerdo con declaraciones del presidente de la comisi\u00f3n municipal, Jean Massillon, citado por el diario Le Nouvelliste.<\/p>\n<p>El reinicio de la actividad militar de los delincuentes, tras varios meses de relativa calma, pone de nuevo al municipio de Kenscoff en el punto de mira de dicha agrupaci\u00f3n armada, a\u00f1adi\u00f3 el peri\u00f3dico.<\/p>\n<p>La autoridad regional describi\u00f3 en entrevista con Le Nouvelliste numerosas bajas, casas incendiadas y residentes retenidos como rehenes por los delincuentes, aunque sin precisar cifras de v\u00edctimas.<\/p>\n<p>\u201cLos agentes del orden -seg\u00fan el alcalde- intentaron intervenir mediante veh\u00edculos blindados, pero les result\u00f3 imposible llegar a la zona donde se encuentran los delincuentes, mientras la poblaci\u00f3n est\u00e1 desesperada\u201d.<\/p>\n<p>car\/apb<\/p>\n<\/div>\n<\/div>\n","protected":false},"excerpt":{"rendered":"<p>Puerto Pr\u00edncipe (Prensa Latina) La coalici\u00f3n de pandillas criminales haitianas \u201cViv ansanm\u201d reanud\u00f3 sus ataques&hellip;<\/p>\n","protected":false},"author":2,"featured_media":66353,"comment_status":"closed","ping_status":"closed","sticky":false,"template":"","format":"standard","meta":{"footnotes":""},"categories":[203,52,53],"tags":[],"class_list":["post-81081","post","type-post","status-publish","format-standard","has-post-thumbnail","hentry","category-antillas","category-internacionales","category-prensa-latina"],"_links":{"self":[{"href":"https:\/\/eldiarioantillano.com\/uno\/wp-json\/wp\/v2\/posts\/81081","targetHints":{"allow":["GET"]}}],"collection":[{"href":"https:\/\/eldiarioantillano.com\/uno\/wp-json\/wp\/v2\/posts"}],"about":[{"href":"https:\/\/eldiarioantillano.com\/uno\/wp-json\/wp\/v2\/types\/post"}],"author":[{"embeddable":true,"href":"https:\/\/eldiarioantillano.com\/uno\/wp-json\/wp\/v2\/users\/2"}],"replies":[{"embeddable":true,"href":"https:\/\/eldiarioantillano.com\/uno\/wp-json\/wp\/v2\/comments?post=81081"}],"version-history":[{"count":1,"href":"https:\/\/eldiarioantillano.com\/uno\/wp-json\/wp\/v2\/posts\/81081\/revisions"}],"predecessor-version":[{"id":81082,"href":"https:\/\/eldiarioantillano.com\/uno\/wp-json\/wp\/v2\/posts\/81081\/revisions\/81082"}],"wp:featuredmedia":[{"embeddable":true,"href":"https:\/\/eldiarioantillano.com\/uno\/wp-json\/wp\/v2\/media\/66353"}],"wp:attachment":[{"href":"https:\/\/eldiarioantillano.com\/uno\/wp-json\/wp\/v2\/media?parent=81081"}],"wp:term":[{"taxonomy":"category","embeddable":true,"href":"https:\/\/eldiarioantillano.com\/uno\/wp-json\/wp\/v2\/categories?post=81081"},{"taxonomy":"post_tag","embeddable":true,"href":"https:\/\/eldiarioantillano.com\/uno\/wp-json\/wp\/v2\/tags?post=81081"}],"curies":[{"name":"wp","href":"https:\/\/api.w.org\/{rel}","templated":true}]}}