{"id":81069,"date":"2026-07-11T00:00:34","date_gmt":"2026-07-11T04:00:34","guid":{"rendered":"https:\/\/eldiarioantillano.com\/uno\/?p=81069"},"modified":"2026-08-27T15:00:49","modified_gmt":"2026-08-27T19:00:49","slug":"lider-haitiano-describe-gestiones-con-la-caricom-durante-cumbre","status":"publish","type":"post","link":"https:\/\/eldiarioantillano.com\/uno\/2026\/07\/11\/lider-haitiano-describe-gestiones-con-la-caricom-durante-cumbre\/","title":{"rendered":"L\u00edder haitiano describe gestiones con la Caricom durante cumbre"},"content":{"rendered":"<div class=\"elementor-element elementor-element-5a38e61 e-flex e-con-boxed e-con e-child\" data-id=\"5a38e61\" data-element_type=\"container\" data-e-type=\"container\">\n<div class=\"e-con-inner\">\n<div class=\"elementor-element elementor-element-d2a4feb elementor-widget elementor-widget-theme-post-excerpt\" data-id=\"d2a4feb\" data-element_type=\"widget\" data-e-type=\"widget\" data-widget_type=\"theme-post-excerpt.default\">\n<div class=\"elementor-widget-container\">Puerto Pr\u00edncipe (Prensa Latina) El primer ministro haitiano, Alix Didier Fils-Aim\u00e9, inform\u00f3 sobre sus gestiones durante la reci\u00e9n concluida cumbre de la Comunidad del Caribe (Caricom) vinculadas con la situaci\u00f3n de inseguridad que vive hoy el pa\u00eds.<\/div>\n<\/div>\n<\/div>\n<\/div>\n<div class=\"e-con-inner\"><\/div>\n<div>\n<p>El gobernante explic\u00f3 en conferencia de prensa que sus conversaciones durante la 51.\u00aa reuni\u00f3n del organismo en Santa Luc\u00eda, clausurada la v\u00edspera, incluyeron tambi\u00e9n la situaci\u00f3n migratoria de los ciudadanos haitianos.<\/p>\n<p>Los di\u00e1logos del gobernante con l\u00edderes de la Sesi\u00f3n Ordinaria de la Conferencia de Jefes de Estado y de Gobierno de la Caricom tocaron el apoyo al pr\u00f3ximo proceso electoral, en espera de que los funcionarios designados enfrenten la inseguridad y la estabilidad del pa\u00eds.<\/p>\n<p>Fils-Aim\u00e9 anunci\u00f3, por otro lado, pr\u00f3ximas gestiones para renovar el mandato de la Fuerza Multinacional de Apoyo a la Seguridad, creada por la ONU, junto al despliegue total de su personal, y reconoci\u00f3 el respaldo sobre el asunto por parte de Jamaica, Bahamas y Santa Luc\u00eda.<\/p>\n<p>El mandatario comunic\u00f3 que su gobierno responder\u00e1 a la solicitud de la Caricom en el sector de la salud sobre el env\u00edo de enfermeras para paliar la escasez de personal sanitario en los pa\u00edses miembros del organismo.<\/p>\n<p>Hemos acordado enviar a esas naciones personal de enfermer\u00eda cualificado, sobre lo cual contamos con el ministro de Salud, quien es el responsable del seguimiento a este tema, agreg\u00f3 el primer ministro.<\/p>\n<p>Fils-Aim\u00e9 anunci\u00f3, adem\u00e1s, la donaci\u00f3n por Guyana al pa\u00eds de 500 toneladas de arroz para apoyar la inseguridad alimentaria, y mencion\u00f3 nuevas perspectivas de cooperaci\u00f3n con Ruman\u00eda y Corea del Sur en materia de seguridad, capacitaci\u00f3n, comercio y salud.<\/p>\n<p>car\/apb<\/p>\n<\/div>\n<div class=\"elementor-element elementor-element-80c8584 elementor-mobile-align-left elementor-widget elementor-widget-post-info\" data-id=\"80c8584\" data-element_type=\"widget\" data-e-type=\"widget\" data-widget_type=\"post-info.default\">\n<div class=\"elementor-widget-container\">\n<p>&nbsp;<\/p>\n<\/div>\n<\/div>\n","protected":false},"excerpt":{"rendered":"<p>Puerto Pr\u00edncipe (Prensa Latina) El primer ministro haitiano, Alix Didier Fils-Aim\u00e9, inform\u00f3 sobre sus gestiones&hellip;<\/p>\n","protected":false},"author":2,"featured_media":81070,"comment_status":"closed","ping_status":"closed","sticky":false,"template":"","format":"standard","meta":{"footnotes":""},"categories":[203,52,53],"tags":[],"class_list":["post-81069","post","type-post","status-publish","format-standard","has-post-thumbnail","hentry","category-antillas","category-internacionales","category-prensa-latina"],"_links":{"self":[{"href":"https:\/\/eldiarioantillano.com\/uno\/wp-json\/wp\/v2\/posts\/81069","targetHints":{"allow":["GET"]}}],"collection":[{"href":"https:\/\/eldiarioantillano.com\/uno\/wp-json\/wp\/v2\/posts"}],"about":[{"href":"https:\/\/eldiarioantillano.com\/uno\/wp-json\/wp\/v2\/types\/post"}],"author":[{"embeddable":true,"href":"https:\/\/eldiarioantillano.com\/uno\/wp-json\/wp\/v2\/users\/2"}],"replies":[{"embeddable":true,"href":"https:\/\/eldiarioantillano.com\/uno\/wp-json\/wp\/v2\/comments?post=81069"}],"version-history":[{"count":1,"href":"https:\/\/eldiarioantillano.com\/uno\/wp-json\/wp\/v2\/posts\/81069\/revisions"}],"predecessor-version":[{"id":81071,"href":"https:\/\/eldiarioantillano.com\/uno\/wp-json\/wp\/v2\/posts\/81069\/revisions\/81071"}],"wp:featuredmedia":[{"embeddable":true,"href":"https:\/\/eldiarioantillano.com\/uno\/wp-json\/wp\/v2\/media\/81070"}],"wp:attachment":[{"href":"https:\/\/eldiarioantillano.com\/uno\/wp-json\/wp\/v2\/media?parent=81069"}],"wp:term":[{"taxonomy":"category","embeddable":true,"href":"https:\/\/eldiarioantillano.com\/uno\/wp-json\/wp\/v2\/categories?post=81069"},{"taxonomy":"post_tag","embeddable":true,"href":"https:\/\/eldiarioantillano.com\/uno\/wp-json\/wp\/v2\/tags?post=81069"}],"curies":[{"name":"wp","href":"https:\/\/api.w.org\/{rel}","templated":true}]}}