{"id":81067,"date":"2026-07-10T22:36:04","date_gmt":"2026-07-11T02:36:04","guid":{"rendered":"https:\/\/eldiarioantillano.com\/uno\/?p=81067"},"modified":"2026-08-27T15:00:54","modified_gmt":"2026-08-27T19:00:54","slug":"acusa-gobernadora-de-puerto-rico-a-junta-fiscal-de-querer-perpetuarse","status":"publish","type":"post","link":"https:\/\/eldiarioantillano.com\/uno\/2026\/07\/10\/acusa-gobernadora-de-puerto-rico-a-junta-fiscal-de-querer-perpetuarse\/","title":{"rendered":"Acusa gobernadora de Puerto Rico a junta fiscal de querer perpetuarse"},"content":{"rendered":"<div class=\"elementor-element elementor-element-5a38e61 e-flex e-con-boxed e-con e-child\" data-id=\"5a38e61\" data-element_type=\"container\" data-e-type=\"container\">\n<div class=\"e-con-inner\">\n<div class=\"elementor-element elementor-element-d2a4feb elementor-widget elementor-widget-theme-post-excerpt\" data-id=\"d2a4feb\" data-element_type=\"widget\" data-e-type=\"widget\" data-widget_type=\"theme-post-excerpt.default\">\n<div class=\"elementor-widget-container\">San Juan (Prensa Latina) La gobernante Jenniffer Gonz\u00e1lez ratific\u00f3 hoy que la Junta de Supervisi\u00f3n Fiscal (JSF), que controla las finanzas de Puerto Rico por imposici\u00f3n de Washington, quiere perpetuarse bajo \u201ccualquier excusa\u201d.<\/div>\n<div>\n<p>El organismo, que reci\u00e9n acaba de cumplir una d\u00e9cada de su creado, tras el Congreso federal aprobar la legislaci\u00f3n Promesa (acr\u00f3nimo en ingl\u00e9s de la Ley de Supervisi\u00f3n, Administraci\u00f3n, y Estabilidad Econ\u00f3mica de Puerto Rico), es pagado con los impuestos del pueblo puertorrique\u00f1o.<\/p>\n<p>Los integrantes de la JSF representan escollos con el objetivo de extender su estad\u00eda en Puerto Rico, dijo la mandataria.<\/p>\n<p>\u201cLa Junta no se quiere ir y por eso busca cualquier excusa para no irse, mientras tanto, eso lo paga el pueblo de Puerto Rico con sus contribuciones\u201d, anot\u00f3, ya que el organismo maniobra para no certificar los presupuestos gubernamentales.<\/p>\n<p>Gonz\u00e1lez ratific\u00f3 que \u201cel que piense que los salarios y los contratos que gasta la Junta lo paga el gobierno federal est\u00e1 bien equivocado\u201d.<\/p>\n<p>Argument\u00f3 que bajo su administraci\u00f3n se le han presentado a la Junta dos presupuestos balanceados, aunque todav\u00eda no han sido auditados.<\/p>\n<p>\u201cSon miles de millones de d\u00f3lares que se han gastado. Con ese dinero se hubiesen arreglado carreteras, pagado los retiros de mucha gente\u201d, afirm\u00f3.<\/p>\n<p>Destac\u00f3 que \u201cajustamos el presupuesto, hicimos super\u00e1vit, balanceamos, hubo reducciones en los presupuestos de algunas agencias del gobierno para poder cumplir con las obligaciones\u201d.<\/p>\n<p>La gobernadora puertorrique\u00f1a manifest\u00f3 que \u201cno puede ser que aparezcan a \u00faltima hora con excusas para que no tengan un presupuesto balanceado para justificar que se tienen que quedar revisando hasta las partidas presupuestarias\u201d.<\/p>\n<p>\u201cCuando un jefe de agencia tiene que moverlas para hacer otro pago, hasta eso est\u00e1n interviniendo. Eso no dice la ley, como tampoco que tiene que haber un presupuesto certificado\u201d, insisti\u00f3 la mandataria.<\/p>\n<p>ool\/nrm<\/p>\n<\/div>\n<\/div>\n<\/div>\n<\/div>\n<div class=\"elementor-element elementor-element-f5ec5bf e-flex e-con-boxed e-con e-child\" data-id=\"f5ec5bf\" data-element_type=\"container\" data-e-type=\"container\">\n<div class=\"e-con-inner\"><\/div>\n<\/div>\n","protected":false},"excerpt":{"rendered":"<p>San Juan (Prensa Latina) La gobernante Jenniffer Gonz\u00e1lez ratific\u00f3 hoy que la Junta de Supervisi\u00f3n&hellip;<\/p>\n","protected":false},"author":2,"featured_media":78204,"comment_status":"closed","ping_status":"closed","sticky":false,"template":"","format":"standard","meta":{"footnotes":""},"categories":[203,52,53],"tags":[],"class_list":["post-81067","post","type-post","status-publish","format-standard","has-post-thumbnail","hentry","category-antillas","category-internacionales","category-prensa-latina"],"_links":{"self":[{"href":"https:\/\/eldiarioantillano.com\/uno\/wp-json\/wp\/v2\/posts\/81067","targetHints":{"allow":["GET"]}}],"collection":[{"href":"https:\/\/eldiarioantillano.com\/uno\/wp-json\/wp\/v2\/posts"}],"about":[{"href":"https:\/\/eldiarioantillano.com\/uno\/wp-json\/wp\/v2\/types\/post"}],"author":[{"embeddable":true,"href":"https:\/\/eldiarioantillano.com\/uno\/wp-json\/wp\/v2\/users\/2"}],"replies":[{"embeddable":true,"href":"https:\/\/eldiarioantillano.com\/uno\/wp-json\/wp\/v2\/comments?post=81067"}],"version-history":[{"count":1,"href":"https:\/\/eldiarioantillano.com\/uno\/wp-json\/wp\/v2\/posts\/81067\/revisions"}],"predecessor-version":[{"id":81068,"href":"https:\/\/eldiarioantillano.com\/uno\/wp-json\/wp\/v2\/posts\/81067\/revisions\/81068"}],"wp:featuredmedia":[{"embeddable":true,"href":"https:\/\/eldiarioantillano.com\/uno\/wp-json\/wp\/v2\/media\/78204"}],"wp:attachment":[{"href":"https:\/\/eldiarioantillano.com\/uno\/wp-json\/wp\/v2\/media?parent=81067"}],"wp:term":[{"taxonomy":"category","embeddable":true,"href":"https:\/\/eldiarioantillano.com\/uno\/wp-json\/wp\/v2\/categories?post=81067"},{"taxonomy":"post_tag","embeddable":true,"href":"https:\/\/eldiarioantillano.com\/uno\/wp-json\/wp\/v2\/tags?post=81067"}],"curies":[{"name":"wp","href":"https:\/\/api.w.org\/{rel}","templated":true}]}}