{"id":81065,"date":"2026-07-11T00:05:53","date_gmt":"2026-07-11T04:05:53","guid":{"rendered":"https:\/\/eldiarioantillano.com\/uno\/?p=81065"},"modified":"2026-07-10T22:49:32","modified_gmt":"2026-07-11T02:49:32","slug":"desde-pena-gomez-sindico-santo-domingo-busca-el-verde-y-su-sombra","status":"publish","type":"post","link":"https:\/\/eldiarioantillano.com\/uno\/2026\/07\/11\/desde-pena-gomez-sindico-santo-domingo-busca-el-verde-y-su-sombra\/","title":{"rendered":"Desde Pe\u00f1a G\u00f3mez s\u00edndico, Santo Domingo busca el verde y su sombra"},"content":{"rendered":"<div>Por ALFONSO -FONCHI- TEJEDA<\/div>\n<div><\/div>\n<div>Cuando era s\u00edndico del Distrito Nacional, en el per\u00edodo 1982-86, el doctor Jos\u00e9 Francisco Pe\u00f1a G\u00f3mez, un adelantado en gesti\u00f3n de pol\u00edtica urbana, incorpor\u00f3 al accionar un programa de arborizaci\u00f3n que ayud\u00f3 a disminuir en hasta dos grados la temperatura, cuando el clima era menos veleidoso y esa era una estrategia que apenas se incorporaba a la agenda nacional como parte inherente de toda propuesta para alcanzar calidad de vida.<\/div>\n<div><\/div>\n<div>Entonces caminar por sectores como Gascue, Los Jardines, La Pradera, Ensanche Luper\u00f3n, etc., y refugiarse en los tradicionales \u201c pulmones ecol\u00f3gicos\u201d como el Parque Mirador Sur, Jard\u00edn Bot\u00e1nico, el Centro Ol\u00edmpico y otros, era una placentera aventura para quienes buscaban un esparcimiento saludable y era tambi\u00e9n un ambiente despejado para los transe\u00fantes, pendientes de cumplir con su agenda cotidiana.<\/div>\n<div><\/div>\n<div>Despu\u00e9s de la gesti\u00f3n de Pe\u00f1a G\u00f3mez frente al cabildo, que era una estructura limitada ante la descomunal extensi\u00f3n y variopinta composici\u00f3n de los sectores y barrios que conformaban el Distrito Nacional, ahora, tras la reconfiguraci\u00f3n de esa antigua geograf\u00eda, en la ciudad de Santo Domingo, empujada a crecer de manera vertical, con poco control y planificaci\u00f3n urbanos, el a\u00f1adido de un tr\u00e1nsito vehicular descomunal y el deterioro clim\u00e1tico han incrementado la temperatura.<\/div>\n<div><\/div>\n<div>Esa combinaci\u00f3n de factores tiene mucho que ver en cuanto a qu\u00e9 el term\u00f3metro oscila entre los 25 y 28 grados Celsius promedio, que muchas veces se empina sobre 30 grados, a los que se puede a\u00f1adir una sensaci\u00f3n t\u00e9rmica m\u00e1s alta, provocando olas de calor que hacen peligrar la vida de envejecientes y personas afectadas por condiciones m\u00e9dicas card\u00edacas, limita el desempe\u00f1o de muchas otras y aumenta el consumo de energ\u00eda en aires acondicionados, imprescindibles para aliviar los efectos de la alta temperatura .<\/div>\n<div><\/div>\n<div>En el per\u00edodo 1982-86, la franja conocida como el \u00abpol\u00edgono central\u00bb estaba constituida por el ensanche Naco con sus holgadas casas y espaciosos patios; anchas calles y fluido tr\u00e1nsito vehicular, panorama que es recuerdo, a\u00f1oranza, desesperante, cuando hoy usted tiene que internarse por ese y otros sectores vecinos, que de aquella \u00e9poca conservan la carest\u00eda, pero sin la tranquilidad de entonces.<\/div>\n<div><\/div>\n<div>Pe\u00f1a G\u00f3mez tuvo que lidiar con una geograf\u00eda desmesurada que extend\u00eda la administraci\u00f3n del cabildo desde Los Alcarrizos hasta Guerra, un tr\u00e1nsito m\u00e1s limitado, con una ciudad menos ca\u00f3tica, condiciones que, a excepci\u00f3n del tama\u00f1o, ahora se han deteriorado, hasta el grado de que la ciudad es menos habitable, menos \u00edntima, haciendo la gesti\u00f3n de la misma m\u00e1s dif\u00edcil.<\/div>\n<div><\/div>\n<div>Tal vez por eso es el aprecio a la alcald\u00eda: porque desarrolla programas de arborizaci\u00f3n con apoyo de juntas de vecinos como parte de una normativa municipal de arbolado urbano; la construcci\u00f3n y recuperaci\u00f3n de m\u00e1s de 200 parques -en El malec\u00f3n (el paseo 30 de Mayo y el Malec\u00f3n Deportivo), y otros lugares-, como el Cristo Rey Park, desde donde Alejandro Santos, ufano con sus caminatas de cada ma\u00f1ana, pretende contagiar a los ex compa\u00f1eros \u201csigleros\u201d, a los que invita a aprovechar los nuevos espacios verdes.<\/div>\n<div><\/div>\n","protected":false},"excerpt":{"rendered":"<p>Por ALFONSO -FONCHI- TEJEDA Cuando era s\u00edndico del Distrito Nacional, en el per\u00edodo 1982-86, el&hellip;<\/p>\n","protected":false},"author":2,"featured_media":64816,"comment_status":"closed","ping_status":"closed","sticky":false,"template":"","format":"standard","meta":{"footnotes":""},"categories":[58,55,51],"tags":[],"class_list":["post-81065","post","type-post","status-publish","format-standard","has-post-thumbnail","hentry","category-alfonso-fonchi-tejeda","category-nacionales","category-opinion"],"_links":{"self":[{"href":"https:\/\/eldiarioantillano.com\/uno\/wp-json\/wp\/v2\/posts\/81065","targetHints":{"allow":["GET"]}}],"collection":[{"href":"https:\/\/eldiarioantillano.com\/uno\/wp-json\/wp\/v2\/posts"}],"about":[{"href":"https:\/\/eldiarioantillano.com\/uno\/wp-json\/wp\/v2\/types\/post"}],"author":[{"embeddable":true,"href":"https:\/\/eldiarioantillano.com\/uno\/wp-json\/wp\/v2\/users\/2"}],"replies":[{"embeddable":true,"href":"https:\/\/eldiarioantillano.com\/uno\/wp-json\/wp\/v2\/comments?post=81065"}],"version-history":[{"count":1,"href":"https:\/\/eldiarioantillano.com\/uno\/wp-json\/wp\/v2\/posts\/81065\/revisions"}],"predecessor-version":[{"id":81066,"href":"https:\/\/eldiarioantillano.com\/uno\/wp-json\/wp\/v2\/posts\/81065\/revisions\/81066"}],"wp:featuredmedia":[{"embeddable":true,"href":"https:\/\/eldiarioantillano.com\/uno\/wp-json\/wp\/v2\/media\/64816"}],"wp:attachment":[{"href":"https:\/\/eldiarioantillano.com\/uno\/wp-json\/wp\/v2\/media?parent=81065"}],"wp:term":[{"taxonomy":"category","embeddable":true,"href":"https:\/\/eldiarioantillano.com\/uno\/wp-json\/wp\/v2\/categories?post=81065"},{"taxonomy":"post_tag","embeddable":true,"href":"https:\/\/eldiarioantillano.com\/uno\/wp-json\/wp\/v2\/tags?post=81065"}],"curies":[{"name":"wp","href":"https:\/\/api.w.org\/{rel}","templated":true}]}}