{"id":81053,"date":"2026-07-10T00:05:53","date_gmt":"2026-07-10T04:05:53","guid":{"rendered":"https:\/\/eldiarioantillano.com\/uno\/?p=81053"},"modified":"2026-07-09T16:12:55","modified_gmt":"2026-07-09T20:12:55","slug":"la-representacion-dominicana-no-se-define-por-el-lugar-de-nacimiento","status":"publish","type":"post","link":"https:\/\/eldiarioantillano.com\/uno\/2026\/07\/10\/la-representacion-dominicana-no-se-define-por-el-lugar-de-nacimiento\/","title":{"rendered":"La representaci\u00f3n dominicana no se define por el lugar de nacimiento"},"content":{"rendered":"<p>Por ANTONIO A. M\u00c9NDEZ<\/p>\n<p>&nbsp;<\/p>\n<p>Las declaraciones de la asamble\u00edsta estatal Yudelka Tapia durante la clausura del Festival Sabor Dominicano, al afirmar que la salida del congresista Adriano Espaillat el pr\u00f3ximo enero significar\u00eda el fin de la representaci\u00f3n dominicana en el gobierno federal, abren un debate sobre el verdadero significado de la representaci\u00f3n pol\u00edtica de la di\u00e1spora. Aunque esta percepci\u00f3n puede ser compartida por parte de la primera generaci\u00f3n de inmigrantes, no refleja plenamente la evoluci\u00f3n de la comunidad dominicana ni el funcionamiento de las instituciones democr\u00e1ticas de Estados Unidos.<br \/>\nDespu\u00e9s de m\u00e1s de seis d\u00e9cadas de presencia en Estados Unidos, la di\u00e1spora dominicana ha alcanzado una etapa que puede entenderse como posmigratoria. Esto no implica el abandono de los v\u00ednculos con la Rep\u00fablica Dominicana, sino el paso de una comunidad definida principalmente por la experiencia de emigrar a otras cuyas nuevas generaciones construyen su identidad y su participaci\u00f3n pol\u00edtica desde las instituciones estadounidenses, sin dejar de valorar sus ra\u00edces.<br \/>\nEn este contexto, la representaci\u00f3n pol\u00edtica ya no puede analizarse \u00fanicamente desde la perspectiva de la primera generaci\u00f3n ni desde las necesidades de la pol\u00edtica dominicana. El Congreso de Estados Unidos no representa nacionalidades, sino ciudadanos y distritos electorales. En comunidades diversas como el distrito 13 de Nueva York, un representante tiene la responsabilidad de servir por igual a todos sus constituyentes. Tal vez, este fue uno de los errores de Adriano Espaillat. La legitimidad de un funcionario no depende de su lugar de nacimiento, sino de su compromiso con quienes lo eligen y de su capacidad para responder a sus necesidades.<br \/>\nPor ello, la posible elecci\u00f3n de Darializa \u00c1vila Chevalier este pr\u00f3ximo noviembre no representa una p\u00e9rdida de representaci\u00f3n dominicana, sino la continuidad natural del desarrollo pol\u00edtico de la comunidad. Como dominicano-estadounidense nacida y criada en Estados Unidos, su identidad dominicana forma parte de su historia familiar y cultural, mientras que su visi\u00f3n del servicio p\u00fablico responde tambi\u00e9n a la realidad del pa\u00eds donde ejerce su ciudadan\u00eda. No se trata de abandonar la dominicanidad, sino de expresarla desde una nueva generaci\u00f3n.<br \/>\nDurante d\u00e9cadas, las prioridades de la primera generaci\u00f3n estuvieron centradas en la inmigraci\u00f3n, la reunificaci\u00f3n familiar y la estabilidad econ\u00f3mica. Y esto era importante en su momento y hay que darles las gracias a todos esos l\u00edderes de la primera generaci\u00f3n que crearon el espacio para que estos nuevos l\u00edderes de la segunda generaci\u00f3n se desarrollaran. Pero, hoy, una segunda y tercera generaci\u00f3n, profundamente vinculada a sus ra\u00edces, enfrenta desaf\u00edos distintos, como la educaci\u00f3n, la vivienda, la seguridad, el desarrollo econ\u00f3mico y la igualdad de oportunidades. Esta transformaci\u00f3n no sustituye la agenda dominicana; la ampl\u00eda y la adapta a una comunidad que se ha consolidado dentro de la sociedad estadounidense.<br \/>\nAl mismo tiempo, los lazos con la Rep\u00fablica Dominicana contin\u00faan siendo s\u00f3lidos mediante las remesas, las inversiones, los viajes, las relaciones familiares y el inter\u00e9s por el desarrollo nacional. Propongo que la di\u00e1spora dominicana ha entrado en un proceso posmigratorio, donde la comunidad ya no puede verse solo como inmigrante, sino tambi\u00e9n como una etnia que es parte intr\u00ednseca de esta sociedad. Esta etapa posmigratoria no supone un distanciamiento de las luchas que afectan al pa\u00eds de origen, sino una redefinici\u00f3n de la forma en que estas se articulan. Las nuevas generaciones mantienen un v\u00ednculo cultural y afectivo con la Rep\u00fablica Dominicana, pero su responsabilidad pol\u00edtica inmediata es responder a las necesidades de las comunidades que representan en Estados Unidos.<br \/>\nPrecisamente, el mayor logro de la di\u00e1spora ha sido transformar la experiencia migratoria en una presencia pol\u00edtica permanente dentro de las instituciones estadounidenses. La aparici\u00f3n de l\u00edderes de ascendencia dominicana nacidos en Estados Unidos demuestra que el esfuerzo de la primera generaci\u00f3n produjo una comunidad capaz de formar servidores p\u00fablicos que participan plenamente en la democracia estadounidense sin renunciar a su identidad. Un ejemplo de esto es mi hijo mayor. Naci\u00f3 en la ciudad de Nueva York y nunca ha vivido en la Rep\u00fablica Dominicana, pero todav\u00eda se considera dominicano, y la m\u00fasica que m\u00e1s le gusta es el merengue. Fue el primer dominicano-estadounidense en ser Director Nacional del Cuerpo de Paz y el primer director latino del Cuerpo de Paz en M\u00e9xico. Tambi\u00e9n fue el primer dominicano-estadounidense en dirigir una agencia estatal de servicio (Servir Colorado) y el primer dominicano-estadounidense en ser director de un condado en el estado de Colorado. Como segunda generaci\u00f3n, su visi\u00f3n est\u00e1 ligada a esta naci\u00f3n, pero siempre pendiente de la Rep\u00fablica Dominicana.<br \/>\nLa historia de los dominicanos en Estados Unidos es, en esencia, una historia de adaptaci\u00f3n sin p\u00e9rdida de identidad. Las nuevas generaciones no reemplazan a las anteriores; contin\u00faan el camino que ellas abrieron y fortalecen la presencia dominicana en la vida p\u00fablica desde una realidad distinta. La posible victoria de Darializa \u00c1vila Chevalier el pr\u00f3ximo noviembre no debe interpretarse como el fin de la representaci\u00f3n dominicana, sino como una nueva etapa de su evoluci\u00f3n. M\u00e1s que cuestionar a estos nuevos liderazgos por haber nacido en Estados Unidos, corresponde apoyarlos y fortalecer una representaci\u00f3n inclusiva que beneficie a toda la comunidad, manteniendo vivos los v\u00ednculos y el compromiso con la Rep\u00fablica Dominicana desde una di\u00e1spora plenamente integrada y pol\u00edticamente madura.<\/p>\n","protected":false},"excerpt":{"rendered":"<p>Por ANTONIO A. M\u00c9NDEZ &nbsp; Las declaraciones de la asamble\u00edsta estatal Yudelka Tapia durante la&hellip;<\/p>\n","protected":false},"author":2,"featured_media":80851,"comment_status":"closed","ping_status":"closed","sticky":false,"template":"","format":"standard","meta":{"footnotes":""},"categories":[197,52,51],"tags":[],"class_list":["post-81053","post","type-post","status-publish","format-standard","has-post-thumbnail","hentry","category-antonio-a-mendez","category-internacionales","category-opinion"],"_links":{"self":[{"href":"https:\/\/eldiarioantillano.com\/uno\/wp-json\/wp\/v2\/posts\/81053","targetHints":{"allow":["GET"]}}],"collection":[{"href":"https:\/\/eldiarioantillano.com\/uno\/wp-json\/wp\/v2\/posts"}],"about":[{"href":"https:\/\/eldiarioantillano.com\/uno\/wp-json\/wp\/v2\/types\/post"}],"author":[{"embeddable":true,"href":"https:\/\/eldiarioantillano.com\/uno\/wp-json\/wp\/v2\/users\/2"}],"replies":[{"embeddable":true,"href":"https:\/\/eldiarioantillano.com\/uno\/wp-json\/wp\/v2\/comments?post=81053"}],"version-history":[{"count":2,"href":"https:\/\/eldiarioantillano.com\/uno\/wp-json\/wp\/v2\/posts\/81053\/revisions"}],"predecessor-version":[{"id":81055,"href":"https:\/\/eldiarioantillano.com\/uno\/wp-json\/wp\/v2\/posts\/81053\/revisions\/81055"}],"wp:featuredmedia":[{"embeddable":true,"href":"https:\/\/eldiarioantillano.com\/uno\/wp-json\/wp\/v2\/media\/80851"}],"wp:attachment":[{"href":"https:\/\/eldiarioantillano.com\/uno\/wp-json\/wp\/v2\/media?parent=81053"}],"wp:term":[{"taxonomy":"category","embeddable":true,"href":"https:\/\/eldiarioantillano.com\/uno\/wp-json\/wp\/v2\/categories?post=81053"},{"taxonomy":"post_tag","embeddable":true,"href":"https:\/\/eldiarioantillano.com\/uno\/wp-json\/wp\/v2\/tags?post=81053"}],"curies":[{"name":"wp","href":"https:\/\/api.w.org\/{rel}","templated":true}]}}