{"id":81050,"date":"2026-07-09T00:05:07","date_gmt":"2026-07-09T04:05:07","guid":{"rendered":"https:\/\/eldiarioantillano.com\/uno\/?p=81050"},"modified":"2026-07-08T23:15:06","modified_gmt":"2026-07-09T03:15:06","slug":"anuncian-preparativos-para-disolver-gobierno-en-gaza","status":"publish","type":"post","link":"https:\/\/eldiarioantillano.com\/uno\/2026\/07\/09\/anuncian-preparativos-para-disolver-gobierno-en-gaza\/","title":{"rendered":"Anuncian preparativos para disolver gobierno en Gaza"},"content":{"rendered":"<div class=\"elementor-element elementor-element-5a38e61 e-flex e-con-boxed e-con e-child\" data-id=\"5a38e61\" data-element_type=\"container\" data-e-type=\"container\">\n<div class=\"e-con-inner\">\n<div class=\"elementor-element elementor-element-d2a4feb elementor-widget elementor-widget-theme-post-excerpt\" data-id=\"d2a4feb\" data-element_type=\"widget\" data-e-type=\"widget\" data-widget_type=\"theme-post-excerpt.default\">\n<div class=\"elementor-widget-container\">El Cairo (Prensa Latina) El movimiento palestino Hamas anunci\u00f3 la disoluci\u00f3n de su rama pol\u00edtica, la cual act\u00faa como gobierno de la Franja de Gaza desde hace 20 a\u00f1os, seg\u00fan reportes recibidos aqu\u00ed hoy.<\/div>\n<\/div>\n<\/div>\n<\/div>\n<div class=\"e-con-inner\"><\/div>\n<div class=\"elementor-element elementor-element-80c8584 elementor-mobile-align-left elementor-widget elementor-widget-post-info\" data-id=\"80c8584\" data-element_type=\"widget\" data-e-type=\"widget\" data-widget_type=\"post-info.default\">\n<div class=\"elementor-widget-container\">\n<p>La decisi\u00f3n fue anunciada la v\u00edspera y sigue a una reuni\u00f3n la semana pasada en esta capital de los jefes de los servicios de inteligencia egipcio y turco con una delegaci\u00f3n gazat\u00ed en la cual fue examinado el curso de la aplicaci\u00f3n de la primera fase del plan de paz para el territorio propuesto por el presidente Donald Trump.<\/p>\n<p>El anuncio aclara que la decisi\u00f3n ser\u00e1 efectiva con la llegada a Gaza de los miembros del que ha dado en llamarse gobierno de tecn\u00f3cratas que regir\u00e1 los destinos del enclave en lo sucesivo.<\/p>\n<p>El paso de Ham\u00e1s abre interrogantes sobre los nexos del pr\u00f3ximo gabinete con la Autoridad Nacional Palestina, asentada en Cisjordania ocupada por Israel, la cual es reconocida como representante leg\u00edtimo del eventual estado palestino por m\u00e1s de un centenar de pa\u00edses de la ONU, agrupaci\u00f3n que integra en condici\u00f3n de estado observador no miembro, el mismo estatus del Vaticano.<\/p>\n<p>El 60 por ciento del territorio del enclave costero palestino est\u00e1 ocupado por el ej\u00e9rcito de Israel, interesado en anex\u00e1rselo para explotar los probables yacimientos de gas en sus aguas territoriales.<\/p>\n<p>D\u00edas atr\u00e1s, el Ministerio de Salud palestino emiti\u00f3 un informe en el cual cifr\u00f3 en m\u00e1s de 73 mil las muertes de civiles, m\u00e1s de la mitad mujeres y ni\u00f1os, causadas durante los primeros mil d\u00edas de los ataques indiscriminados del ej\u00e9rcito de Tel Aviv.<\/p>\n<p>ft\/msl<\/p>\n<\/div>\n<\/div>\n","protected":false},"excerpt":{"rendered":"<p>El Cairo (Prensa Latina) El movimiento palestino Hamas anunci\u00f3 la disoluci\u00f3n de su rama pol\u00edtica,&hellip;<\/p>\n","protected":false},"author":2,"featured_media":81051,"comment_status":"closed","ping_status":"closed","sticky":false,"template":"","format":"standard","meta":{"footnotes":""},"categories":[52,53],"tags":[],"class_list":["post-81050","post","type-post","status-publish","format-standard","has-post-thumbnail","hentry","category-internacionales","category-prensa-latina"],"_links":{"self":[{"href":"https:\/\/eldiarioantillano.com\/uno\/wp-json\/wp\/v2\/posts\/81050","targetHints":{"allow":["GET"]}}],"collection":[{"href":"https:\/\/eldiarioantillano.com\/uno\/wp-json\/wp\/v2\/posts"}],"about":[{"href":"https:\/\/eldiarioantillano.com\/uno\/wp-json\/wp\/v2\/types\/post"}],"author":[{"embeddable":true,"href":"https:\/\/eldiarioantillano.com\/uno\/wp-json\/wp\/v2\/users\/2"}],"replies":[{"embeddable":true,"href":"https:\/\/eldiarioantillano.com\/uno\/wp-json\/wp\/v2\/comments?post=81050"}],"version-history":[{"count":1,"href":"https:\/\/eldiarioantillano.com\/uno\/wp-json\/wp\/v2\/posts\/81050\/revisions"}],"predecessor-version":[{"id":81052,"href":"https:\/\/eldiarioantillano.com\/uno\/wp-json\/wp\/v2\/posts\/81050\/revisions\/81052"}],"wp:featuredmedia":[{"embeddable":true,"href":"https:\/\/eldiarioantillano.com\/uno\/wp-json\/wp\/v2\/media\/81051"}],"wp:attachment":[{"href":"https:\/\/eldiarioantillano.com\/uno\/wp-json\/wp\/v2\/media?parent=81050"}],"wp:term":[{"taxonomy":"category","embeddable":true,"href":"https:\/\/eldiarioantillano.com\/uno\/wp-json\/wp\/v2\/categories?post=81050"},{"taxonomy":"post_tag","embeddable":true,"href":"https:\/\/eldiarioantillano.com\/uno\/wp-json\/wp\/v2\/tags?post=81050"}],"curies":[{"name":"wp","href":"https:\/\/api.w.org\/{rel}","templated":true}]}}