{"id":81048,"date":"2026-07-09T00:05:48","date_gmt":"2026-07-09T04:05:48","guid":{"rendered":"https:\/\/eldiarioantillano.com\/uno\/?p=81048"},"modified":"2026-07-13T10:21:29","modified_gmt":"2026-07-13T14:21:29","slug":"entre-el-dato-y-el-relato","status":"publish","type":"post","link":"https:\/\/eldiarioantillano.com\/uno\/2026\/07\/09\/entre-el-dato-y-el-relato\/","title":{"rendered":"Entre el dato y el relato"},"content":{"rendered":"<p>Por PATRICIA ARACHE<br \/>\n@patriciarache<\/p>\n<p><strong>\u00a0<\/strong><\/p>\n<p>En Rep\u00fablica Dominicana se repite con frecuencia la m\u00e1xima de que \u201cel dato mata al relato\u201d. Sin embargo, la pr\u00e1ctica cotidiana demuestra lo contrario: los datos, lejos de ser armas de precisi\u00f3n, se manipulan, se maquillan o se presentan \u201ca lo que coja mi bon\u201d, sin rigor ni contexto.<\/p>\n<p>El resultado es una ciudadan\u00eda confundida, instituciones debilitadas y decisiones p\u00fablicas que carecen de certeza, lo que propicia pol\u00edticas err\u00e1ticas y tard\u00edas, en perjuicio del desarrollo social y democr\u00e1tico de la naci\u00f3n.<\/p>\n<p>La manipulaci\u00f3n de los datos no es un fen\u00f3meno abstracto ni nuevo. Se manifiesta en distintos \u00e1mbitos, entre ellos, la pol\u00edtica, la econom\u00eda y la vida social cotidiana, por lo que analizar el tema permite comprender c\u00f3mo el relato termina imponi\u00e9ndose sobre el dato y por qu\u00e9 es oportuno proponer un pacto nacional por la verdad.<\/p>\n<p>En el terreno pol\u00edtico, los datos se convierten en herramientas de persuasi\u00f3n y de tergiversaci\u00f3n. Las encuestas electorales suelen presentarse con sesgos que favorecen a determinados candidatos, dependiendo de determinadas voluntades.<\/p>\n<p>Se exageran ventajas m\u00ednimas o se ocultan m\u00e1rgenes de error, generando un \u201cefecto arrastre\u201d que condiciona al votante, ya sea a favor de los partidos de gobierno o de los de la oposici\u00f3n, porque no hay excepci\u00f3n. Todos bailan al mismo son.<\/p>\n<p>La irrupci\u00f3n de la inteligencia artificial a\u00f1ade, como un nuevo desaf\u00edo, tecnolog\u00edas como los \u201cdeepfakes\u201d (de los que hemos hablado antes) que pueden manipular la opini\u00f3n p\u00fablica con im\u00e1genes y videos falsos, reforzando relatos que nada tienen que ver con la realidad.<\/p>\n<p>En el \u00e1mbito econ\u00f3mico, la manipulaci\u00f3n de datos se traduce en discursos oficiales que celebran el crecimiento del PIB mientras se ocultan desigualdades estructurales que permanecen impert\u00e9rritas, como una espada de D\u00e1mocles sobre los m\u00e1s vulnerables, mientras que la oposici\u00f3n se regodea en criticarlos, como si nunca hubiera tenido que ver con el tema en alg\u00fan momento.<\/p>\n<p>En la vida cotidiana, la manipulaci\u00f3n de datos se manifiesta en la viralizaci\u00f3n de cifras falsas en redes sociales. Noticias sobre seguridad o inseguridad circulan sin verificaci\u00f3n, generando alarmas injustificadas o confianza infundada.<\/p>\n<p>Esto hace pensar que el relato digital, r\u00e1pido y emocional, obligatoriamente, mata al dato riguroso.<\/p>\n<p>La muerte del joven Darlin Mercado Reyes, de 19 a\u00f1os, a manos del cabo Jos\u00e9 Francisco Moreta Hern\u00e1ndez en Guajim\u00eda, Herrera, por ejemplo, expone crudamente la crisis de confianza en la Polic\u00eda Nacional.<\/p>\n<p>El hecho, grabado en video, desat\u00f3 protestas comunitarias y hasta la condena presidencial.<\/p>\n<p>La comunidad y la familia exigen justicia y cuestionan c\u00f3mo un agente con antecedentes disciplinarios segu\u00eda en servicio.<\/p>\n<p>Datos divulgados, revelan que entre 2011 y 2025 se registraron unas 4,500 muertes en supuestos \u201cintercambios de disparos\u201d con la Polic\u00eda.<\/p>\n<p>La publicaci\u00f3n da cuenta de que desde 2020, m\u00e1s de 700 j\u00f3venes han ca\u00eddo en acciones atribuidas a la instituci\u00f3n, la mayor\u00eda entre 18 y 35 a\u00f1os, y que menos de 100 agentes han sido sometidos a la justicia, pese a la magnitud de las muertes.<\/p>\n<p>El pa\u00eds enfrenta un dilema en estos tiempos de abundancia de datos sin rigor, que cada quien maneja a su antojo, acomod\u00e1ndolos a sus necesidades de visibilidad bien ganada o arrebatada.<\/p>\n<p>El caso de Darlin Mercado Reyes, as\u00ed como otros hechos sangrientos, como los feminicidios, hacen reflexionar que detr\u00e1s de cada cifra hay vidas truncadas y familias destrozadas y, es, entonces, cuando se concluye en que el relato seguir\u00e1 venciendo, mientras, no haya transparencia y credibilidad en los datos.<\/p>\n<p>Revela tambi\u00e9n que hace falta que la gente com\u00fan, la gente en la calle, retorne a la sensibilidad y a la solidaridad, en vez de conformarse con s\u00f3lo grabar im\u00e1genes dolorosas o sangrientas, a trav\u00e9s del visor de un celular. \u00bfPor qu\u00e9 no pensar en ayudar?<\/p>\n","protected":false},"excerpt":{"rendered":"<p>Por PATRICIA ARACHE @patriciarache \u00a0 En Rep\u00fablica Dominicana se repite con frecuencia la m\u00e1xima de&hellip;<\/p>\n","protected":false},"author":2,"featured_media":80547,"comment_status":"closed","ping_status":"closed","sticky":false,"template":"","format":"standard","meta":{"footnotes":""},"categories":[55,51,65],"tags":[],"class_list":["post-81048","post","type-post","status-publish","format-standard","has-post-thumbnail","hentry","category-nacionales","category-opinion","category-patricia-arache"],"_links":{"self":[{"href":"https:\/\/eldiarioantillano.com\/uno\/wp-json\/wp\/v2\/posts\/81048","targetHints":{"allow":["GET"]}}],"collection":[{"href":"https:\/\/eldiarioantillano.com\/uno\/wp-json\/wp\/v2\/posts"}],"about":[{"href":"https:\/\/eldiarioantillano.com\/uno\/wp-json\/wp\/v2\/types\/post"}],"author":[{"embeddable":true,"href":"https:\/\/eldiarioantillano.com\/uno\/wp-json\/wp\/v2\/users\/2"}],"replies":[{"embeddable":true,"href":"https:\/\/eldiarioantillano.com\/uno\/wp-json\/wp\/v2\/comments?post=81048"}],"version-history":[{"count":1,"href":"https:\/\/eldiarioantillano.com\/uno\/wp-json\/wp\/v2\/posts\/81048\/revisions"}],"predecessor-version":[{"id":81049,"href":"https:\/\/eldiarioantillano.com\/uno\/wp-json\/wp\/v2\/posts\/81048\/revisions\/81049"}],"wp:featuredmedia":[{"embeddable":true,"href":"https:\/\/eldiarioantillano.com\/uno\/wp-json\/wp\/v2\/media\/80547"}],"wp:attachment":[{"href":"https:\/\/eldiarioantillano.com\/uno\/wp-json\/wp\/v2\/media?parent=81048"}],"wp:term":[{"taxonomy":"category","embeddable":true,"href":"https:\/\/eldiarioantillano.com\/uno\/wp-json\/wp\/v2\/categories?post=81048"},{"taxonomy":"post_tag","embeddable":true,"href":"https:\/\/eldiarioantillano.com\/uno\/wp-json\/wp\/v2\/tags?post=81048"}],"curies":[{"name":"wp","href":"https:\/\/api.w.org\/{rel}","templated":true}]}}