{"id":79699,"date":"2026-05-02T21:02:32","date_gmt":"2026-05-03T01:02:32","guid":{"rendered":"https:\/\/eldiarioantillano.com\/uno\/?p=79699"},"modified":"2026-05-02T21:02:32","modified_gmt":"2026-05-03T01:02:32","slug":"represa-de-moncion-en-santiago-rodriguez-inicia-el-vertido-libre","status":"publish","type":"post","link":"https:\/\/eldiarioantillano.com\/uno\/2026\/05\/02\/represa-de-moncion-en-santiago-rodriguez-inicia-el-vertido-libre\/","title":{"rendered":"Represa de Monci\u00f3n, en Santiago Rodr\u00edguez, inicia el vertido libre"},"content":{"rendered":"<p>Por las frecuentes lluvias en los \u00faltimos d\u00edas en el Noroeste fue necesario tomar esta medida, seg\u00fan nos explica el asesor agr\u00edcola Manuel Gonz\u00e1lez.<\/p>\n","protected":false},"excerpt":{"rendered":"<p>Por las frecuentes lluvias en los \u00faltimos d\u00edas en el Noroeste fue necesario tomar esta&hellip;<\/p>\n","protected":false},"author":2,"featured_media":79700,"comment_status":"closed","ping_status":"closed","sticky":false,"template":"","format":"video","meta":{"footnotes":""},"categories":[55],"tags":[],"class_list":["post-79699","post","type-post","status-publish","format-video","has-post-thumbnail","hentry","category-nacionales","post_format-post-format-video"],"_links":{"self":[{"href":"https:\/\/eldiarioantillano.com\/uno\/wp-json\/wp\/v2\/posts\/79699","targetHints":{"allow":["GET"]}}],"collection":[{"href":"https:\/\/eldiarioantillano.com\/uno\/wp-json\/wp\/v2\/posts"}],"about":[{"href":"https:\/\/eldiarioantillano.com\/uno\/wp-json\/wp\/v2\/types\/post"}],"author":[{"embeddable":true,"href":"https:\/\/eldiarioantillano.com\/uno\/wp-json\/wp\/v2\/users\/2"}],"replies":[{"embeddable":true,"href":"https:\/\/eldiarioantillano.com\/uno\/wp-json\/wp\/v2\/comments?post=79699"}],"version-history":[{"count":1,"href":"https:\/\/eldiarioantillano.com\/uno\/wp-json\/wp\/v2\/posts\/79699\/revisions"}],"predecessor-version":[{"id":79705,"href":"https:\/\/eldiarioantillano.com\/uno\/wp-json\/wp\/v2\/posts\/79699\/revisions\/79705"}],"wp:featuredmedia":[{"embeddable":true,"href":"https:\/\/eldiarioantillano.com\/uno\/wp-json\/wp\/v2\/media\/79700"}],"wp:attachment":[{"href":"https:\/\/eldiarioantillano.com\/uno\/wp-json\/wp\/v2\/media?parent=79699"}],"wp:term":[{"taxonomy":"category","embeddable":true,"href":"https:\/\/eldiarioantillano.com\/uno\/wp-json\/wp\/v2\/categories?post=79699"},{"taxonomy":"post_tag","embeddable":true,"href":"https:\/\/eldiarioantillano.com\/uno\/wp-json\/wp\/v2\/tags?post=79699"}],"curies":[{"name":"wp","href":"https:\/\/api.w.org\/{rel}","templated":true}]}}