{"id":79692,"date":"2026-05-02T20:46:55","date_gmt":"2026-05-03T00:46:55","guid":{"rendered":"https:\/\/eldiarioantillano.com\/uno\/?p=79692"},"modified":"2026-05-02T20:47:38","modified_gmt":"2026-05-03T00:47:38","slug":"bbc-lanza-una-advertencia-puede-que-se-avecine-una-nueva-crisis-financiera","status":"publish","type":"post","link":"https:\/\/eldiarioantillano.com\/uno\/2026\/05\/02\/bbc-lanza-una-advertencia-puede-que-se-avecine-una-nueva-crisis-financiera\/","title":{"rendered":"BBC\u00a0lanza una advertencia: \u201cPuede que se avecine una nueva crisis financiera\u201d"},"content":{"rendered":"<p>2 de mayo de 2026 (EIRNS).\u2014 El director de econom\u00eda de la <i>BBC<\/i>\u00a0de Londres, Simon Jack,\u00a0<a id=\"m_-4161726097542798598ydpb0cc1661yiv3988111205OWAfcd1d57a-d545-c91c-df39-e0ccac3dfac9\" href=\"https:\/\/eir.news\/r\/9ae958c5?m=9020ef27-83b0-4ad2-9343-466515ff7f3a\" target=\"_blank\" rel=\"nofollow noopener\" data-saferedirecturl=\"https:\/\/www.google.com\/url?q=https:\/\/eir.news\/r\/9ae958c5?m%3D9020ef27-83b0-4ad2-9343-466515ff7f3a&amp;source=gmail&amp;ust=1777855356087000&amp;usg=AOvVaw3BQYlOQ3PZFK5wFV-fqDa4\">public\u00f3 el 29 de abril<\/a>\u00a0un art\u00edculo en el que da la voz de alarma sobre un posible nuevo \u201cmomento Lehman\u201d que se avecina para el sistema financiero mundial. El art\u00edculo se titula \u201cPuede que se avecine una nueva crisis financiera: no se desenvolver\u00e1 como la anterior\u201d, y afirma que \u201chay una serie de luces de advertencia parpadeando en el panel de control de la econom\u00eda mundial que hacen que algunos se pregunten si nos encontramos en los proleg\u00f3menos de otra crisis financiera\u201d.<\/p>\n<p>La primera de esas se\u00f1ales de alarma es la situaci\u00f3n en torno al crecimiento vertiginoso del mentado \u201ccr\u00e9dito privado\u201d, tambi\u00e9n conocido como \u201calternativas no reguladas a la banca tradicional\u201d, sobre lo que\u00a0<a id=\"m_-4161726097542798598ydpb0cc1661yiv3988111205OWA4a7e8d2a-d1e1-ae4a-81cd-b179d60518f4\" href=\"https:\/\/eir.news\/r\/f7d07efa?m=9020ef27-83b0-4ad2-9343-466515ff7f3a\" target=\"_blank\" rel=\"nofollow noopener\" data-saferedirecturl=\"https:\/\/www.google.com\/url?q=https:\/\/eir.news\/r\/f7d07efa?m%3D9020ef27-83b0-4ad2-9343-466515ff7f3a&amp;source=gmail&amp;ust=1777855356087000&amp;usg=AOvVaw1GODeE159pGaVZEuZHVkxg\"><i>EIR<\/i>\u00a0lleva meses advirtiendo.<\/a>\u00a0Estos fondos, cuyo total se estima de forma conservadora en $2,5 billones de d\u00f3lares, se apalancan (con pr\u00e9stamos) y se reapalancan hasta formar una burbuja especulativa de tama\u00f1o desconocido. Recientemente, \u201cvarios fondos que prestan dinero han declarado p\u00e9rdidas o han restringido la capacidad de los inversionistas para retirar su dinero\u201d, se\u00f1ala con nerviosismo el art\u00edculo de la\u00a0<i>BBC.\u00a0<\/i>\u201cBlackRock, Blackstone, Apollo y Blue Owl se han enfrentado a demandas de retiradas por valor de miles de millones de d\u00f3lares de los fondos de cr\u00e9dito privado\u201d.<\/p>\n<p>La\u00a0<i>BBC<\/i>\u00a0recurri\u00f3 a Sarah Breeden, vicegobernadora del Banco de Inglaterra, responsable espec\u00edfica de la estabilidad financiera, para conocer su opini\u00f3n. Sus palabras no fueron tranquilizadoras:<\/p>\n<p>\u201cHay ecos de la crisis financiera mundial en lo que estamos viendo ahora\u201d, dice. \u201cEl cr\u00e9dito privado ha pasado de cero a dos billones y medio de d\u00f3lares en los \u00faltimos 15 a 20 a\u00f1os. Hay apalancamiento [dinero prestado], hay opacidad, hay complejidad, hay interconexiones con el resto del sistema financiero. Todo eso se asemeja a lo que vimos en la crisis financiera mundial de 2008\u201d.<\/p>\n<p>\u201cHay apalancamiento sobre apalancamiento sobre apalancamiento\u201d, explic\u00f3 Breeden. \u201cLo que queremos asegurarnos es de que todo el mundo comprenda c\u00f3mo se acumula ese pastel de capas de apalancamiento\u201d.<\/p>\n<p>Mohammed El-Erian, asesor econ\u00f3mico jefe de la empresa financiera alemana Allianz y exdirector ejecutivo de PIMCO, el mayor inversionista en bonos del mundo, tambi\u00e9n est\u00e1 preocupado. \u201cHay ciertas similitudes con 2007 que me quitan el sue\u00f1o. Las similitudes son fragilidades evidentes en el sistema financiero que no se valoran adecuadamente\u201d. El-Erian present\u00f3 un escenario: \u201cDe repente, todos los que te prestan dinero quieren recuperarlo al mismo tiempo. En un abrir y cerrar de ojos, algo que comenz\u00f3 como una idea realmente buena se convierte en algo que pone en riesgo la estabilidad y, en lugar de beneficiar a la econom\u00eda, corre el riesgo de dejarla en la estacada\u201d.<\/p>\n<p>A esto hay que a\u00f1adir la burbuja de la inteligencia artificial y la dram\u00e1tica crisis energ\u00e9tica mundial. \u201cFatih Birol, director ejecutivo de la Agencia Internacional de la Energ\u00eda, ha calificado el actual cierre del estrecho de Ormuz como \u2018la mayor crisis de seguridad energ\u00e9tica de la historia\u2019, y subraya que es \u201cm\u00e1s grave\u201d que las anteriores crisis energ\u00e9ticas de 1973 (cuando algunos Estados \u00e1rabes impusieron un embargo petrolero a Occidente), 1979 (provocada por la revoluci\u00f3n iran\u00ed) y 2022 (Ucrania) \u2018juntas\u2019\u201d.<\/p>\n<p class=\"yj6qo\">\n<p class=\"adL\">\n<p>&nbsp;<\/p>\n","protected":false},"excerpt":{"rendered":"<p>2 de mayo de 2026 (EIRNS).\u2014 El director de econom\u00eda de la BBC\u00a0de Londres, Simon&hellip;<\/p>\n","protected":false},"author":2,"featured_media":68051,"comment_status":"closed","ping_status":"closed","sticky":false,"template":"","format":"standard","meta":{"footnotes":""},"categories":[52],"tags":[],"class_list":["post-79692","post","type-post","status-publish","format-standard","has-post-thumbnail","hentry","category-internacionales"],"_links":{"self":[{"href":"https:\/\/eldiarioantillano.com\/uno\/wp-json\/wp\/v2\/posts\/79692","targetHints":{"allow":["GET"]}}],"collection":[{"href":"https:\/\/eldiarioantillano.com\/uno\/wp-json\/wp\/v2\/posts"}],"about":[{"href":"https:\/\/eldiarioantillano.com\/uno\/wp-json\/wp\/v2\/types\/post"}],"author":[{"embeddable":true,"href":"https:\/\/eldiarioantillano.com\/uno\/wp-json\/wp\/v2\/users\/2"}],"replies":[{"embeddable":true,"href":"https:\/\/eldiarioantillano.com\/uno\/wp-json\/wp\/v2\/comments?post=79692"}],"version-history":[{"count":2,"href":"https:\/\/eldiarioantillano.com\/uno\/wp-json\/wp\/v2\/posts\/79692\/revisions"}],"predecessor-version":[{"id":79694,"href":"https:\/\/eldiarioantillano.com\/uno\/wp-json\/wp\/v2\/posts\/79692\/revisions\/79694"}],"wp:featuredmedia":[{"embeddable":true,"href":"https:\/\/eldiarioantillano.com\/uno\/wp-json\/wp\/v2\/media\/68051"}],"wp:attachment":[{"href":"https:\/\/eldiarioantillano.com\/uno\/wp-json\/wp\/v2\/media?parent=79692"}],"wp:term":[{"taxonomy":"category","embeddable":true,"href":"https:\/\/eldiarioantillano.com\/uno\/wp-json\/wp\/v2\/categories?post=79692"},{"taxonomy":"post_tag","embeddable":true,"href":"https:\/\/eldiarioantillano.com\/uno\/wp-json\/wp\/v2\/tags?post=79692"}],"curies":[{"name":"wp","href":"https:\/\/api.w.org\/{rel}","templated":true}]}}