{"id":79687,"date":"2026-05-02T00:20:08","date_gmt":"2026-05-02T04:20:08","guid":{"rendered":"https:\/\/eldiarioantillano.com\/uno\/?p=79687"},"modified":"2026-05-01T21:50:13","modified_gmt":"2026-05-02T01:50:13","slug":"los-motoristas-esa-fatal-mancha-indeleble-del-transito-en-el-pais","status":"publish","type":"post","link":"https:\/\/eldiarioantillano.com\/uno\/2026\/05\/02\/los-motoristas-esa-fatal-mancha-indeleble-del-transito-en-el-pais\/","title":{"rendered":"Los motoristas, esa fatal \u201cMancha Indeleble\u201d del tr\u00e1nsito en el pa\u00eds\u00a0"},"content":{"rendered":"<p>Por ALFONSO -FONCHI- TEJEDA<\/p>\n<p>La tr\u00e1gica muerte en Santiago del ch\u00f3fer Deivy Carlos Abreu Quezada, de 40 a\u00f1os, causada por una turba de motoristas, ha exacerbado una reacci\u00f3n popular contra ese conglomerado, la que parece ser resultado de un hartazgo por las inconductas de unos aprovechados del desorden institucional generalizado en el pa\u00eds, caracterizado por la falta de autoridad social y moral, del que abusan sin medir acciones ni las posibles consecuencias de estas.<\/p>\n<p>En su \u00e9poca de icono del humor en Rep\u00fablica Dominicana, Freddy Beras\u00a0 Goico, ante situaciones protagonizadas por motoristas, las explicaba como resultado de una \u201cvenganza de los japoneses\u201d por las fatales bombas nucleares explotadas en Hiroshima y Nagasaki, que a trav\u00e9s de esos veh\u00edculos de dos ruedas han inundado a muchos pa\u00edses, de los cuales el nuestro es una muestra m\u00e1s que fehaciente.<\/p>\n<p>M\u00e1s all\u00e1 del prejuicio y la crueldad de \u201cese chiste\u201d, el humorista tambi\u00e9n reconoc\u00eda \u201cel aporte\u201d que a la alta tasa de accidentes contribuyen los motoristas por su falta de protecci\u00f3n a s\u00ed mismos y la manera desafiante, desenfrenada al desplazarse por cualquier trillo que entienden les permite el paso, a\u00fan sea en la intrincada y tortuosa enredadera de veh\u00edculos que atiborra las calles, lo que entienden es una licencia para trepar por las aceras, una vez reservadas a los transe\u00fantes.<\/p>\n<p>Esa desaprensiva actuaci\u00f3n es corolario de su autoestima, pues han demostrado, aun desconociendo la inmensa mayor\u00eda de ellos el cuento La Mancha Indeleble, de Juan Bosch ser como los personajes narrados en esa pieza literaria, quienes se despojaban de sus cabezas al entrar a una habitaci\u00f3n en la que se convert\u00edan en seres de un pensamiento \u00fanico, parte del cuerpo que los motoristas deber\u00edan usar un casco protector para evitarse m\u00e1s lesiones en los accidentes, desgracias que lideran tanto en muertes como en heridas.<\/p>\n<p>C\u00f3mo el innombrado y \u00fanico personaje que pudo escapar al conjuro de aquella habitaci\u00f3n pero que como secuela de esa experiencia qued\u00f3 identificado por el caf\u00e9 derramado en su camisa, los motoristas hoy son esa mancha indeleble que distingue al tr\u00e1nsito vehicular en todo el pa\u00eds, alimentados en su vocaci\u00f3n suicida por la irresponsable y negligente actuaci\u00f3n de las autoridades ante las leyes, el respeto a s\u00ed misma y a su compromiso con la sociedad toda.<\/p>\n<p>Tal ah\u00ed se pueda entender este hartazgo que registran las reacciones por el caso del ch\u00f3fer de Santiago, perseguido de una horda por varias calles de esa ciudad ante la inaudita ausencia de las autoridades, reacciones que ya comienzan a apuntar a otras posibles respuestas en las que los motoristas confirmar\u00edan una sentencia antiqu\u00edsima, la que en vez de mejorar la situaci\u00f3n, la convertir\u00eda en caldo de cultivo para el despe\u00f1adero de la sociedad.<\/p>\n","protected":false},"excerpt":{"rendered":"<p>Por ALFONSO -FONCHI- TEJEDA La tr\u00e1gica muerte en Santiago del ch\u00f3fer Deivy Carlos Abreu Quezada,&hellip;<\/p>\n","protected":false},"author":2,"featured_media":64816,"comment_status":"closed","ping_status":"closed","sticky":false,"template":"","format":"standard","meta":{"footnotes":""},"categories":[58,55,51],"tags":[],"class_list":["post-79687","post","type-post","status-publish","format-standard","has-post-thumbnail","hentry","category-alfonso-fonchi-tejeda","category-nacionales","category-opinion"],"_links":{"self":[{"href":"https:\/\/eldiarioantillano.com\/uno\/wp-json\/wp\/v2\/posts\/79687","targetHints":{"allow":["GET"]}}],"collection":[{"href":"https:\/\/eldiarioantillano.com\/uno\/wp-json\/wp\/v2\/posts"}],"about":[{"href":"https:\/\/eldiarioantillano.com\/uno\/wp-json\/wp\/v2\/types\/post"}],"author":[{"embeddable":true,"href":"https:\/\/eldiarioantillano.com\/uno\/wp-json\/wp\/v2\/users\/2"}],"replies":[{"embeddable":true,"href":"https:\/\/eldiarioantillano.com\/uno\/wp-json\/wp\/v2\/comments?post=79687"}],"version-history":[{"count":1,"href":"https:\/\/eldiarioantillano.com\/uno\/wp-json\/wp\/v2\/posts\/79687\/revisions"}],"predecessor-version":[{"id":79688,"href":"https:\/\/eldiarioantillano.com\/uno\/wp-json\/wp\/v2\/posts\/79687\/revisions\/79688"}],"wp:featuredmedia":[{"embeddable":true,"href":"https:\/\/eldiarioantillano.com\/uno\/wp-json\/wp\/v2\/media\/64816"}],"wp:attachment":[{"href":"https:\/\/eldiarioantillano.com\/uno\/wp-json\/wp\/v2\/media?parent=79687"}],"wp:term":[{"taxonomy":"category","embeddable":true,"href":"https:\/\/eldiarioantillano.com\/uno\/wp-json\/wp\/v2\/categories?post=79687"},{"taxonomy":"post_tag","embeddable":true,"href":"https:\/\/eldiarioantillano.com\/uno\/wp-json\/wp\/v2\/tags?post=79687"}],"curies":[{"name":"wp","href":"https:\/\/api.w.org\/{rel}","templated":true}]}}