{"id":79685,"date":"2026-05-02T00:05:21","date_gmt":"2026-05-02T04:05:21","guid":{"rendered":"https:\/\/eldiarioantillano.com\/uno\/?p=79685"},"modified":"2026-05-01T21:47:23","modified_gmt":"2026-05-02T01:47:23","slug":"cooperativa-vega-real-celebra-su-43a-asamblea","status":"publish","type":"post","link":"https:\/\/eldiarioantillano.com\/uno\/2026\/05\/02\/cooperativa-vega-real-celebra-su-43a-asamblea\/","title":{"rendered":"Cooperativa Vega Real celebra su 43\u00aa asamblea"},"content":{"rendered":"<p>La Vega. Cooperativa Vega Real, Inc. celebr\u00f3 su 43\u00aa Asamblea General de Delegados en un acto solemne que reuni\u00f3 a delegados, autoridades civiles, religiosas y representantes del movimiento cooperativo nacional e internacional.<\/p>\n<p>Yris Mercedes L\u00f3pez, presidenta del Consejo de Vigilancia, dio la bienvenida a los presentes, y el Obispo Apost\u00f3lico Administrativo de la Di\u00f3cesis de La Vega, Mons. Jos\u00e9 Amable Dur\u00e1n ofreci\u00f3 una bendici\u00f3n especial del evento.<\/p>\n<p>Amparo Custodio, alcaldesa de La Vega, durante la salutaci\u00f3n indic\u00f3 que Vega Real ha asumido con seriedad el compromiso de construir espacios para que las personas tengan igualdad de oportunidades, donde se promueva el respeto y se fortalezca la convivencia basada en valores humanos.<\/p>\n<p>La presidenta administradora del IDECOOP, Maritza L\u00f3pez de Ortiz, en su intervenci\u00f3n afirm\u00f3 que Cooperativa Vega Real es el ejemplo vivo de que el desarrollo econ\u00f3mico y el desarrollo humano pueden ir de la mano, y que los valores cooperativos no son palabras, sino hechos que transforman vidas y comunidades. Expres\u00f3 que las cooperativas son m\u00e1s que instrumentos financieros, son redes de confianza, espacios de estabilidad, plataformas de desarrollo local, y un pilar clave para sostener la cohesi\u00f3n social en tiempos de incertidumbre. Enfatiz\u00f3 que las mujeres cooperativistas, son la columna vertebral del tejido social, del ahorro familiar, del emprendimiento, de la educaci\u00f3n y del liderazgo comunitario, y cuando una cooperativa reconoce ese rol, como lo hace Vega Real, est\u00e1 apostando por un modelo de desarrollo m\u00e1s justo, m\u00e1s equilibrado y sostenible. \u201cVega Real no es solo una cooperativa, es una instituci\u00f3n que ha demostrado, con hechos, que la transparencia, la equidad, la educaci\u00f3n y la responsabilidad con la comunidad no son conceptos abstractos, sino pr\u00e1cticas reales que impactan vidas\u201d, concluy\u00f3.<\/p>\n<p>La conferencia magistral estuvo a cargo del Dr. Ariel Guarco, presidente mundial de la Alianza Cooperativa Internacional (ACI), quien desarroll\u00f3 el tema <em>\u00abIdentidad Cooperativa y su impacto\u00bb<\/em>, ofreciendo una visi\u00f3n global sobre los desaf\u00edos y oportunidades del modelo cooperativo en el contexto econ\u00f3mico actual. Felicit\u00f3 a Vega Real por su asamblea e inst\u00f3 a los cooperativistas dominicanos a reconocer la identidad cooperativa como una acci\u00f3n transformadora que se construye cada d\u00eda en cada decisi\u00f3n, en cada servicio y en cada familia que encuentra en la cooperativa una respuesta concreta a sus necesidades. Inform\u00f3 que la ACI ha definido un Plan Estrat\u00e9gico 2026-2030 para consolidar al cooperativismo como actor clave en la construcci\u00f3n de una nueva econom\u00eda global, impulsado adem\u00e1s por un Contrato Global Cooperativo construido junto a m\u00e1s de 50 l\u00edderes de todo el mundo, orientado a incidir en las agendas internacionales pero, sobre todo, a movilizar al movimiento desde los territorios, recordando que \u00abel cooperativismo no se conduce de arriba hacia abajo, sino que se construye desde abajo hacia arriba\u201d. Hizo un llamado especial a abrir las puertas del movimiento a las nuevas generaciones y a asumir con convicci\u00f3n el rol protag\u00f3nico que el mundo exige hoy del cooperativismo, que es construir una econom\u00eda m\u00e1s justa, solidaria e inclusiva, donde las personas est\u00e9n en el centro y nadie quede atr\u00e1s.<\/p>\n<p>En el discurso central, el presidente ejecutivo de Vega Real, Yanio Concepci\u00f3n, present\u00f3 los resultados del 2025, destacando los principales logros institucionales, entre ellos: activos superiores a RD$15,832 millones; Cartera de cr\u00e9dito de RD$12,227 millones; Excedentes por m\u00e1s de RD$1,042 millones; m\u00e1s de 155,000 asociados organizados en 287 distritos cooperativos comunitarios, una morosidad hist\u00f3rica de 0.21% y una inversi\u00f3n social superior a RD$186 millones que impact\u00f3 a m\u00e1s de 75,000 personas. \u201cCada cifra presentada es una historia de transformaci\u00f3n, una familia que progresa y un pa\u00eds que se fortalece desde sus ra\u00edces\u201d, expres\u00f3. En el cierre de su rendici\u00f3n de cuentas llam\u00f3 a la unidad y al liderazgo \u00e9tico ante el momento de incertidumbre que atraviesa el cooperativismo dominicano, marcado por m\u00faltiples propuestas regulatorias y reformas institucionales. Recalc\u00f3 que las cooperativas han demostrado ser herramienta efectiva para sostener la econom\u00eda familiar y fortalecer el tejido comunitario.<\/p>\n<p>Uno de los momentos m\u00e1s emotivos de la jornada fue el reconocimiento a Ariel Guarco, Maritza L\u00f3pez de Ortiz por el liderazgo en sus respectivas organizaciones, y a Mar\u00eda Eugenia Acosta por sus 35 a\u00f1os de servicios a Cooperativa Vega Real que celebra su liderazgo, visi\u00f3n estrat\u00e9gica y contribuci\u00f3n al fortalecimiento del cooperativismo dominicano.<\/p>\n<p>La 43\u00aa Asamblea General de Delegados de Cooperativa Vega Real reafirm\u00f3 el compromiso de la instituci\u00f3n con sus asociados, sus comunidades y el pa\u00eds, demostrando que el cooperativismo dominicano tiene liderazgo, propuesta y visi\u00f3n para responder a los desaf\u00edos del presente con solidez y valores. El evento se realiz\u00f3 en la Casa Club de Vega Real, en Bayacanes, La Vega.<\/p>\n","protected":false},"excerpt":{"rendered":"<p>La Vega. Cooperativa Vega Real, Inc. celebr\u00f3 su 43\u00aa Asamblea General de Delegados en un&hellip;<\/p>\n","protected":false},"author":2,"featured_media":79681,"comment_status":"closed","ping_status":"closed","sticky":false,"template":"","format":"standard","meta":{"footnotes":""},"categories":[55],"tags":[],"class_list":["post-79685","post","type-post","status-publish","format-standard","has-post-thumbnail","hentry","category-nacionales"],"_links":{"self":[{"href":"https:\/\/eldiarioantillano.com\/uno\/wp-json\/wp\/v2\/posts\/79685","targetHints":{"allow":["GET"]}}],"collection":[{"href":"https:\/\/eldiarioantillano.com\/uno\/wp-json\/wp\/v2\/posts"}],"about":[{"href":"https:\/\/eldiarioantillano.com\/uno\/wp-json\/wp\/v2\/types\/post"}],"author":[{"embeddable":true,"href":"https:\/\/eldiarioantillano.com\/uno\/wp-json\/wp\/v2\/users\/2"}],"replies":[{"embeddable":true,"href":"https:\/\/eldiarioantillano.com\/uno\/wp-json\/wp\/v2\/comments?post=79685"}],"version-history":[{"count":1,"href":"https:\/\/eldiarioantillano.com\/uno\/wp-json\/wp\/v2\/posts\/79685\/revisions"}],"predecessor-version":[{"id":79686,"href":"https:\/\/eldiarioantillano.com\/uno\/wp-json\/wp\/v2\/posts\/79685\/revisions\/79686"}],"wp:featuredmedia":[{"embeddable":true,"href":"https:\/\/eldiarioantillano.com\/uno\/wp-json\/wp\/v2\/media\/79681"}],"wp:attachment":[{"href":"https:\/\/eldiarioantillano.com\/uno\/wp-json\/wp\/v2\/media?parent=79685"}],"wp:term":[{"taxonomy":"category","embeddable":true,"href":"https:\/\/eldiarioantillano.com\/uno\/wp-json\/wp\/v2\/categories?post=79685"},{"taxonomy":"post_tag","embeddable":true,"href":"https:\/\/eldiarioantillano.com\/uno\/wp-json\/wp\/v2\/tags?post=79685"}],"curies":[{"name":"wp","href":"https:\/\/api.w.org\/{rel}","templated":true}]}}