{"id":79680,"date":"2026-05-02T00:00:10","date_gmt":"2026-05-02T04:00:10","guid":{"rendered":"https:\/\/eldiarioantillano.com\/uno\/?p=79680"},"modified":"2026-05-01T21:43:11","modified_gmt":"2026-05-02T01:43:11","slug":"consejo-electoral-haitiano-reevalua-presupuesto-para-comicios","status":"publish","type":"post","link":"https:\/\/eldiarioantillano.com\/uno\/2026\/05\/02\/consejo-electoral-haitiano-reevalua-presupuesto-para-comicios\/","title":{"rendered":"Consejo Electoral haitiano reeval\u00faa presupuesto para comicios"},"content":{"rendered":"<div class=\"elementor-element elementor-element-5a38e61 e-flex e-con-boxed e-con e-child\" data-id=\"5a38e61\" data-element_type=\"container\" data-e-type=\"container\">\n<div class=\"e-con-inner\">\n<div class=\"elementor-element elementor-element-d2a4feb elementor-widget elementor-widget-theme-post-excerpt\" data-id=\"d2a4feb\" data-element_type=\"widget\" data-e-type=\"widget\" data-widget_type=\"theme-post-excerpt.default\">\n<div class=\"elementor-widget-container\">Puerto Pr\u00edncipe (Prensa Latina) El Consejo Electoral Provisional (CEP) de Hait\u00ed reeval\u00faa el presupuesto de 250 mil d\u00f3lares para los pr\u00f3ximos comicios generales, rechazado por el gobierno del primer ministro Alix Didier Fils-Aim\u00e9, seg\u00fan un comunicado de prensa.<\/div>\n<\/div>\n<\/div>\n<\/div>\n<div class=\"e-con-inner\">\n<p>El ente organizador de la consulta anunci\u00f3 para ello la creaci\u00f3n de una comisi\u00f3n especial, integrada por algunos de sus funcionarios, junto a donantes de la ONU como la Oficina Integrada para Hait\u00ed y el Programa para el Desarrollo, a\u00f1ade el texto.<\/p>\n<p>La instituci\u00f3n electoral anunci\u00f3 que despu\u00e9s del rechazo la semana pasada de su propuesta inicial por el ejecutivo, trabaja en un calendario electoral revisado, que ser\u00e1 publicado en fecha pr\u00f3xima.<\/p>\n<p>El CEP inform\u00f3 tambi\u00e9n que el proyecto de decreto electoral presentado al gobierno fue armonizado con las disposiciones del Pacto Nacional para la Estabilidad y la Organizaci\u00f3n de Elecciones, documento sometido en estos momentos a debate nacional, precisa la declaraci\u00f3n.<\/p>\n<p>La entidad encargada de la consulta popular reafirm\u00f3 su compromiso de llevar a cabo el proceso electoral \u00abde manera inclusiva e imparcial, con total independencia y transparencia\u00bb.<\/p>\n<p>El rechazo del ejecutivo contra la propuesta de 250 mil d\u00f3lares presentada por el CEP para los comicios generales que organizan ambas entidades fue calificado de \u201cinaceptable y absurda\u201d por el primer ministro Fils-Aim\u00e9, record\u00f3 el diario Le Nouvelliste.<\/p>\n<p>De acuerdo con esa fuente, los obst\u00e1culos para la celebraci\u00f3n de elecciones comienzan por desacuerdos sobre la fecha, a\u00fan por determinar, en medio de la crisis general del pa\u00eds a causa de la violencia de bandas armadas.<\/p>\n<p>Las discrepancias entre las autoridades ejecutivas y electorales para fijar una fecha a la consulta popular son a\u00fan mayores por el estado de transici\u00f3n que enfrenta la naci\u00f3n caribe\u00f1a tras el asesinato del presidente Jovenel Mo\u00efse en julio de 2021.<\/p>\n<p>Sin un calendario electoral \u2013opina Le Nouvelliste, un presupuesto, y un decreto que rija los comicios, las posibilidades de celebrarlos este a\u00f1o se reducen de modo considerable, en un pa\u00eds de 12 millones de habitantes, con grupos criminales que aterrorizan a la poblaci\u00f3n. lam\/apb<\/p>\n<\/div>\n","protected":false},"excerpt":{"rendered":"<p>Puerto Pr\u00edncipe (Prensa Latina) El Consejo Electoral Provisional (CEP) de Hait\u00ed reeval\u00faa el presupuesto de&hellip;<\/p>\n","protected":false},"author":2,"featured_media":79682,"comment_status":"closed","ping_status":"closed","sticky":false,"template":"","format":"standard","meta":{"footnotes":""},"categories":[52,53],"tags":[],"class_list":["post-79680","post","type-post","status-publish","format-standard","has-post-thumbnail","hentry","category-internacionales","category-prensa-latina"],"_links":{"self":[{"href":"https:\/\/eldiarioantillano.com\/uno\/wp-json\/wp\/v2\/posts\/79680","targetHints":{"allow":["GET"]}}],"collection":[{"href":"https:\/\/eldiarioantillano.com\/uno\/wp-json\/wp\/v2\/posts"}],"about":[{"href":"https:\/\/eldiarioantillano.com\/uno\/wp-json\/wp\/v2\/types\/post"}],"author":[{"embeddable":true,"href":"https:\/\/eldiarioantillano.com\/uno\/wp-json\/wp\/v2\/users\/2"}],"replies":[{"embeddable":true,"href":"https:\/\/eldiarioantillano.com\/uno\/wp-json\/wp\/v2\/comments?post=79680"}],"version-history":[{"count":2,"href":"https:\/\/eldiarioantillano.com\/uno\/wp-json\/wp\/v2\/posts\/79680\/revisions"}],"predecessor-version":[{"id":79684,"href":"https:\/\/eldiarioantillano.com\/uno\/wp-json\/wp\/v2\/posts\/79680\/revisions\/79684"}],"wp:featuredmedia":[{"embeddable":true,"href":"https:\/\/eldiarioantillano.com\/uno\/wp-json\/wp\/v2\/media\/79682"}],"wp:attachment":[{"href":"https:\/\/eldiarioantillano.com\/uno\/wp-json\/wp\/v2\/media?parent=79680"}],"wp:term":[{"taxonomy":"category","embeddable":true,"href":"https:\/\/eldiarioantillano.com\/uno\/wp-json\/wp\/v2\/categories?post=79680"},{"taxonomy":"post_tag","embeddable":true,"href":"https:\/\/eldiarioantillano.com\/uno\/wp-json\/wp\/v2\/tags?post=79680"}],"curies":[{"name":"wp","href":"https:\/\/api.w.org\/{rel}","templated":true}]}}