{"id":79676,"date":"2026-05-01T00:00:15","date_gmt":"2026-05-01T04:00:15","guid":{"rendered":"https:\/\/eldiarioantillano.com\/uno\/?p=79676"},"modified":"2026-04-30T20:08:11","modified_gmt":"2026-05-01T00:08:11","slug":"sigen-las-lluvias-en-todo-el-territorio-nacional","status":"publish","type":"post","link":"https:\/\/eldiarioantillano.com\/uno\/2026\/05\/01\/sigen-las-lluvias-en-todo-el-territorio-nacional\/","title":{"rendered":"Sigen las lluvias en todo el territorio nacional"},"content":{"rendered":"<p>Las lluvias de los \u00faltimos d\u00edas siguen causando estragos a trav\u00e9s del territorio dominicano, seg\u00fan nos reportan diferentes colaboradores en sus registros videogr\u00e1ficos.<\/p>\n<p><iframe title=\"Fuerza del agua arrastra incluso a camiones\" width=\"563\" height=\"1000\" src=\"https:\/\/www.youtube.com\/embed\/B7Z4FM0dRxM?feature=oembed\" frameborder=\"0\" allow=\"accelerometer; autoplay; clipboard-write; encrypted-media; gyroscope; picture-in-picture; web-share\" referrerpolicy=\"strict-origin-when-cross-origin\" allowfullscreen><\/iframe><\/p>\n<p><iframe title=\"Se desborda r\u00edo en Casta\u00f1uelas, Montecristi #montecristi\" width=\"563\" height=\"1000\" src=\"https:\/\/www.youtube.com\/embed\/AqSVFvFjP9k?feature=oembed\" frameborder=\"0\" allow=\"accelerometer; autoplay; clipboard-write; encrypted-media; gyroscope; picture-in-picture; web-share\" referrerpolicy=\"strict-origin-when-cross-origin\" allowfullscreen><\/iframe><\/p>\n<p><iframe title=\"Avistamiento del Yaque del Norte a la altura de Casta\u00f1uelas, Montecristi #montecristi\" width=\"563\" height=\"1000\" src=\"https:\/\/www.youtube.com\/embed\/B6LAnguu3Ys?feature=oembed\" frameborder=\"0\" allow=\"accelerometer; autoplay; clipboard-write; encrypted-media; gyroscope; picture-in-picture; web-share\" referrerpolicy=\"strict-origin-when-cross-origin\" allowfullscreen><\/iframe><\/p>\n<p>&nbsp;<\/p>\n","protected":false},"excerpt":{"rendered":"<p>Las lluvias de los \u00faltimos d\u00edas siguen causando estragos a trav\u00e9s del territorio dominicano, seg\u00fan&hellip;<\/p>\n","protected":false},"author":2,"featured_media":79678,"comment_status":"closed","ping_status":"closed","sticky":false,"template":"","format":"video","meta":{"footnotes":""},"categories":[55],"tags":[],"class_list":["post-79676","post","type-post","status-publish","format-video","has-post-thumbnail","hentry","category-nacionales","post_format-post-format-video"],"_links":{"self":[{"href":"https:\/\/eldiarioantillano.com\/uno\/wp-json\/wp\/v2\/posts\/79676","targetHints":{"allow":["GET"]}}],"collection":[{"href":"https:\/\/eldiarioantillano.com\/uno\/wp-json\/wp\/v2\/posts"}],"about":[{"href":"https:\/\/eldiarioantillano.com\/uno\/wp-json\/wp\/v2\/types\/post"}],"author":[{"embeddable":true,"href":"https:\/\/eldiarioantillano.com\/uno\/wp-json\/wp\/v2\/users\/2"}],"replies":[{"embeddable":true,"href":"https:\/\/eldiarioantillano.com\/uno\/wp-json\/wp\/v2\/comments?post=79676"}],"version-history":[{"count":1,"href":"https:\/\/eldiarioantillano.com\/uno\/wp-json\/wp\/v2\/posts\/79676\/revisions"}],"predecessor-version":[{"id":79677,"href":"https:\/\/eldiarioantillano.com\/uno\/wp-json\/wp\/v2\/posts\/79676\/revisions\/79677"}],"wp:featuredmedia":[{"embeddable":true,"href":"https:\/\/eldiarioantillano.com\/uno\/wp-json\/wp\/v2\/media\/79678"}],"wp:attachment":[{"href":"https:\/\/eldiarioantillano.com\/uno\/wp-json\/wp\/v2\/media?parent=79676"}],"wp:term":[{"taxonomy":"category","embeddable":true,"href":"https:\/\/eldiarioantillano.com\/uno\/wp-json\/wp\/v2\/categories?post=79676"},{"taxonomy":"post_tag","embeddable":true,"href":"https:\/\/eldiarioantillano.com\/uno\/wp-json\/wp\/v2\/tags?post=79676"}],"curies":[{"name":"wp","href":"https:\/\/api.w.org\/{rel}","templated":true}]}}