{"id":79671,"date":"2026-04-30T19:42:09","date_gmt":"2026-04-30T23:42:09","guid":{"rendered":"https:\/\/eldiarioantillano.com\/uno\/?p=79671"},"modified":"2026-04-30T19:42:09","modified_gmt":"2026-04-30T23:42:09","slug":"manuel-gonzalez-aporta-datos-sobre-batalla-de-santo-domingo","status":"publish","type":"post","link":"https:\/\/eldiarioantillano.com\/uno\/2026\/04\/30\/manuel-gonzalez-aporta-datos-sobre-batalla-de-santo-domingo\/","title":{"rendered":"Manuel Gonz\u00e1lez aporta datos sobre batalla de Santo Domingo"},"content":{"rendered":"<p>Por <strong>Manuel Gonz\u00e1lez\u00a0<\/strong><\/p>\n<p>\u00a1El d\u00eda 27 de abril de 1965 en las calles de la capital de la Rep\u00fablica ocurri\u00f3 la BATALLA de SANTO DOMINGO! (Para un servidor ese es el nombre real de la llamada \u00abbatalla del puente Duarte\u00bb). El ataque a la primada de las Am\u00e9ricas tuvo la siguiente caracter\u00edstica:<\/p>\n<ul>\n<li>Por el FLANCO ESTE, o sea, desde el Puente Duarte, luego de un intenso bombardeo y ametrallamiento a\u00e9reo el grueso de las tropas cruzaron y avanzaron, las mismas eran pertenecientes a:<\/li>\n<li style=\"list-style-type: none;\">\n<ol>\n<li>Centro de Ense\u00f1anza de las Fuerzas Armadas (CEFA), (con infanter\u00eda y blindados), que dirig\u00eda el general Elias Wessin y Wessin.<\/li>\n<li>Fuerza A\u00e9rea Dominicana (FAD), (infanter\u00eda, blindados y paracaidistas) que dirig\u00eda JUAN de los SANTOS C\u00c9SPEDES, el mismo general que orden\u00f3 los ametrallamientos y el bombardeo a\u00e9reo a las casas de los barrios de la capital entre el 25 y 30 de abril.<\/li>\n<\/ol>\n<\/li>\n<\/ul>\n<p>El contingente combinado de San Isidro en su avance hacia Santo Domingo pudo llegar hasta la avenida Duarte y al sur hasta la calle Caracas (esquina Castelar) frente al parque Enriquillo, donde se vieron obligados a desbandarse en una retirada desorganizada dejando tanques y armas abandonadas y su sangre en el pavimento y callejones de Villa Francisca y Borojol. Esas tropas fracasaron totalmente en el objetivo fundamental de la operaci\u00f3n, las tropas fueron diezmadas por el pueblo y los militares constitucionalistas&#8230;<\/p>\n<ul>\n<li>Por el FLANCO SUR, la capital fue atacada a ca\u00f1onazos por los barcos de la Marina de Guerra que dirig\u00eda el contralmirante FRANCISCO RIVERA CAMINERO; este ataque logr\u00f3 su objetivo de aterrorizar a la poblaci\u00f3n civil, ya que el bombardeo naval fue indiscriminado.<\/li>\n<li>Por el FLANCO OESTE (Feria\/Centro de los H\u00e9roes &#8211; Abraham Lincoln &#8211; C\u00e9sar Nicol\u00e1s Penson hasta la M\u00e1ximo G\u00f3mez) avanzaron tropas del Ej\u00e9rcito Nacional (espec\u00edficamente ese d\u00eda del Batall\u00f3n Mella procedentes de San Crist\u00f3bal), las mismas eran dirigidas por SALVADOR MONTAS GUERRERO, Anselmo Pilarte y Jos\u00e9 P\u00e9rez Aponte) las tropas del ej\u00e9rcito lograron su objetivo que era el de tomar el Palacio Nacional (lo lograron el d\u00eda 28)<\/li>\n<li>Por el FLANCO SURESTE atac\u00f3 la Polic\u00eda Nacional (tom\u00f3 partido contra los constitucionalistas a partir de las 15:00), a prima noche avanzaron efectivos de los Cascos Blancos por la Arz. Portes y Jos\u00e9 G. Garc\u00eda (2 perreras que fueron aniquiladas) y por la Arzobispo Noel un cami\u00f3n con algo m\u00e1s de 30 efectivos que fueron emboscados y derrotados entre las calles Santom\u00e9 y Espaillat. Esa operaci\u00f3n les oblig\u00f3 a replegarse y encerrarse en la fortaleza Ozama y fueron finalmente derrotados el 30 de abril.<\/li>\n<li>El FLANCO NORTE, ese d\u00eda no hubo operaciones militares, ya que las escasas tropas del Ej\u00e9rcito Nacional estaban a la expectativa en los cuarteles de El Polvor\u00edn, Intendencia y Transportaci\u00f3n. El complejo 27 de febrero y Artiller\u00eda estaban desiertos, as\u00ed como tambi\u00e9n el campamento 16 de agosto que hab\u00eda sido bombardeado&#8230;<\/li>\n<\/ul>\n<p>Como pueden apreciar ese decisivo d\u00eda 27 de abril, las fuerzas constitucionalistas (poder LEGAL y adem\u00e1s LEG\u00cdTIMO) vencieron a los REBELDES UNIFORMADOS que recib\u00edan \u00f3rdenes directas desde la embajada norteamericana.<\/p>\n<p>Una de las claves del \u00e9xito del triunfo constitucionalista (adem\u00e1s de la BRAVURA y CORAJE del pueblo, encabezado por el coronel Francisco Alberto Caama\u00f1o De\u00f1\u00f3), fue que los rebeldes uniformados NO ten\u00edan un mando \u00fanico y tampoco ten\u00edan comunicaci\u00f3n directa entre las zonas y \u00e1reas de operaciones de combate.<\/p>\n<p>La Batalla de Santo Domingo demostr\u00f3 que la RAZ\u00d3N del pueblo, del hombre de a pie VENCI\u00d3 el poder de fuego de los rebeldes uniformados que contaban con: TROPAS, TANQUES, CARROS de ASALTO, ARTILLER\u00cdA, AVIONES (Vampiro y P-51), HELIC\u00d3PTEROS, BARCOS y la embajada americana dando \u00f3rdenes. (y la prensa escrita que distorsion\u00f3 los hechos que ocurrieron aquel glorioso d\u00eda)<\/p>\n<p>Loor y gloria a TODOS los ca\u00eddos durante la batalla de Santo Domingo aquel martes 27 de abril, momento culminante del triunfo constitucionalista durante la GESTA PATRI\u00d3TICA DE 1965, que dos d\u00edas despu\u00e9s se convertir\u00eda en GUERRA PATRIA!<\/p>\n<p>&nbsp;<\/p>\n","protected":false},"excerpt":{"rendered":"<p>Por Manuel Gonz\u00e1lez\u00a0 \u00a1El d\u00eda 27 de abril de 1965 en las calles de la&hellip;<\/p>\n","protected":false},"author":2,"featured_media":66396,"comment_status":"closed","ping_status":"closed","sticky":false,"template":"","format":"standard","meta":{"footnotes":""},"categories":[55],"tags":[],"class_list":["post-79671","post","type-post","status-publish","format-standard","has-post-thumbnail","hentry","category-nacionales"],"_links":{"self":[{"href":"https:\/\/eldiarioantillano.com\/uno\/wp-json\/wp\/v2\/posts\/79671","targetHints":{"allow":["GET"]}}],"collection":[{"href":"https:\/\/eldiarioantillano.com\/uno\/wp-json\/wp\/v2\/posts"}],"about":[{"href":"https:\/\/eldiarioantillano.com\/uno\/wp-json\/wp\/v2\/types\/post"}],"author":[{"embeddable":true,"href":"https:\/\/eldiarioantillano.com\/uno\/wp-json\/wp\/v2\/users\/2"}],"replies":[{"embeddable":true,"href":"https:\/\/eldiarioantillano.com\/uno\/wp-json\/wp\/v2\/comments?post=79671"}],"version-history":[{"count":1,"href":"https:\/\/eldiarioantillano.com\/uno\/wp-json\/wp\/v2\/posts\/79671\/revisions"}],"predecessor-version":[{"id":79672,"href":"https:\/\/eldiarioantillano.com\/uno\/wp-json\/wp\/v2\/posts\/79671\/revisions\/79672"}],"wp:featuredmedia":[{"embeddable":true,"href":"https:\/\/eldiarioantillano.com\/uno\/wp-json\/wp\/v2\/media\/66396"}],"wp:attachment":[{"href":"https:\/\/eldiarioantillano.com\/uno\/wp-json\/wp\/v2\/media?parent=79671"}],"wp:term":[{"taxonomy":"category","embeddable":true,"href":"https:\/\/eldiarioantillano.com\/uno\/wp-json\/wp\/v2\/categories?post=79671"},{"taxonomy":"post_tag","embeddable":true,"href":"https:\/\/eldiarioantillano.com\/uno\/wp-json\/wp\/v2\/tags?post=79671"}],"curies":[{"name":"wp","href":"https:\/\/api.w.org\/{rel}","templated":true}]}}