{"id":79667,"date":"2026-05-01T00:00:30","date_gmt":"2026-05-01T04:00:30","guid":{"rendered":"https:\/\/eldiarioantillano.com\/uno\/?p=79667"},"modified":"2026-04-30T19:25:29","modified_gmt":"2026-04-30T23:25:29","slug":"ejercito-haitiano-lucha-junto-a-la-policia-contra-bandas-criminales","status":"publish","type":"post","link":"https:\/\/eldiarioantillano.com\/uno\/2026\/05\/01\/ejercito-haitiano-lucha-junto-a-la-policia-contra-bandas-criminales\/","title":{"rendered":"Ej\u00e9rcito haitiano lucha junto a la Polic\u00eda contra bandas criminales"},"content":{"rendered":"<div class=\"elementor-element elementor-element-41212fa e-flex e-con-boxed e-con e-parent e-lazyloaded\" data-id=\"41212fa\" data-element_type=\"container\" data-e-type=\"container\">\n<div class=\"e-con-inner\">\n<div class=\"elementor-element elementor-element-1379ac8 e-con-full e-flex e-con e-child\" data-id=\"1379ac8\" data-element_type=\"container\" data-e-type=\"container\">\n<div class=\"elementor-element elementor-element-67d10ba elementor-widget elementor-widget-theme-post-title elementor-page-title elementor-widget-heading\" data-id=\"67d10ba\" data-element_type=\"widget\" data-e-type=\"widget\" data-widget_type=\"theme-post-title.default\">\n<div class=\"elementor-widget-container\">\n<p class=\"elementor-heading-title elementor-size-default\"><span style=\"font-family: 'PT Serif', serif; font-size: 14px;\">Puerto Pr\u00edncipe (Prensa Latina) Las Fuerzas Armadas de Hait\u00ed (FAd&#8217;H) act\u00faan hoy junto a la Polic\u00eda Nacional (PNH) mediante cientos de soldados, para impedir la recuperaci\u00f3n por las pandillas criminales de zonas en poder del gobierno, inform\u00f3 un diario local.<\/span><\/p>\n<\/div>\n<\/div>\n<\/div>\n<\/div>\n<\/div>\n<div class=\"elementor-element elementor-element-6276117 e-flex e-con-boxed e-con e-parent e-lazyloaded\" data-id=\"6276117\" data-element_type=\"container\" data-e-type=\"container\">\n<div class=\"e-con-inner\">\n<div class=\"elementor-element elementor-element-ee759ba e-con-full e-flex e-con e-child\" data-id=\"ee759ba\" data-element_type=\"container\" data-e-type=\"container\">\n<div class=\"elementor-element elementor-element-0aea3a0 elementor-widget elementor-widget-theme-post-content\" data-id=\"0aea3a0\" data-element_type=\"widget\" data-e-type=\"widget\" data-widget_type=\"theme-post-content.default\">\n<div class=\"elementor-widget-container\">\n<p>El Ministerio de Defensa prev\u00e9 tambi\u00e9n la entrega de nuevo equipamiento de combate para aumentar su efectividad en la lucha combinada entre las dos fuerzas castrenses contra los grupos armados, a\u00f1adi\u00f3 el peri\u00f3dico Gazzette Hait\u00ed.<\/p>\n<p>Las FAd\u2019H pasaron en los \u00faltimos d\u00edas del nivel de movilizaci\u00f3n D, al C, que implica una participaci\u00f3n directa de sus tropas en las operaciones policiales, explic\u00f3 al diario una fuente de esa cartera, bajo condici\u00f3n de anonimato.<\/p>\n<p>\u201cSoldados del Ej\u00e9rcito \u2013precis\u00f3- consolidan en estos momentos varios sitios recapturados por la Polic\u00eda Nacional, como el Tribunal Superior de Cuentas y la Facultad de Humanidades\u201d.<\/p>\n<p>La incorporaci\u00f3n de unos 200 militares de las FAd\u2019H fue el aporte m\u00e1s reciente de ese cuerpo al de la PNH, destinados a operativos espec\u00edficos para la consolidaci\u00f3n de los territorios recapturados, mientras otros 200 reciben entrenamiento especial antes de ser desplegados.<\/p>\n<p>Seg\u00fan la fuente, las FAd\u2019H trabajan en la creaci\u00f3n de una unidad integrada por unos mil soldados como fuerza total de respaldo a la PNH contra las pandillas armadas.<\/p>\n<p>Otro aporte importante de personal para la Polic\u00eda ser\u00e1 un grupo de 700 j\u00f3venes, quienes comenzar\u00e1n en breve su entrenamiento y coincidir\u00e1n con la llegada del nuevo equipamiento solicitado, que incluye veh\u00edculos blindados.<\/p>\n<p>lam\/apb<\/p>\n<\/div>\n<\/div>\n<\/div>\n<\/div>\n<\/div>\n","protected":false},"excerpt":{"rendered":"<p>Puerto Pr\u00edncipe (Prensa Latina) Las Fuerzas Armadas de Hait\u00ed (FAd&#8217;H) act\u00faan hoy junto a la&hellip;<\/p>\n","protected":false},"author":2,"featured_media":79663,"comment_status":"closed","ping_status":"closed","sticky":false,"template":"","format":"standard","meta":{"footnotes":""},"categories":[52,53],"tags":[],"class_list":["post-79667","post","type-post","status-publish","format-standard","has-post-thumbnail","hentry","category-internacionales","category-prensa-latina"],"_links":{"self":[{"href":"https:\/\/eldiarioantillano.com\/uno\/wp-json\/wp\/v2\/posts\/79667","targetHints":{"allow":["GET"]}}],"collection":[{"href":"https:\/\/eldiarioantillano.com\/uno\/wp-json\/wp\/v2\/posts"}],"about":[{"href":"https:\/\/eldiarioantillano.com\/uno\/wp-json\/wp\/v2\/types\/post"}],"author":[{"embeddable":true,"href":"https:\/\/eldiarioantillano.com\/uno\/wp-json\/wp\/v2\/users\/2"}],"replies":[{"embeddable":true,"href":"https:\/\/eldiarioantillano.com\/uno\/wp-json\/wp\/v2\/comments?post=79667"}],"version-history":[{"count":1,"href":"https:\/\/eldiarioantillano.com\/uno\/wp-json\/wp\/v2\/posts\/79667\/revisions"}],"predecessor-version":[{"id":79668,"href":"https:\/\/eldiarioantillano.com\/uno\/wp-json\/wp\/v2\/posts\/79667\/revisions\/79668"}],"wp:featuredmedia":[{"embeddable":true,"href":"https:\/\/eldiarioantillano.com\/uno\/wp-json\/wp\/v2\/media\/79663"}],"wp:attachment":[{"href":"https:\/\/eldiarioantillano.com\/uno\/wp-json\/wp\/v2\/media?parent=79667"}],"wp:term":[{"taxonomy":"category","embeddable":true,"href":"https:\/\/eldiarioantillano.com\/uno\/wp-json\/wp\/v2\/categories?post=79667"},{"taxonomy":"post_tag","embeddable":true,"href":"https:\/\/eldiarioantillano.com\/uno\/wp-json\/wp\/v2\/tags?post=79667"}],"curies":[{"name":"wp","href":"https:\/\/api.w.org\/{rel}","templated":true}]}}