{"id":79659,"date":"2026-04-30T14:10:31","date_gmt":"2026-04-30T18:10:31","guid":{"rendered":"https:\/\/eldiarioantillano.com\/uno\/?p=79659"},"modified":"2026-04-30T14:10:31","modified_gmt":"2026-04-30T18:10:31","slug":"peravia-activa-su-transformacion-julito-fulcar-convoca-juramentacion-del-consejo-que-ejecutara-plan-a-30-anos","status":"publish","type":"post","link":"https:\/\/eldiarioantillano.com\/uno\/2026\/04\/30\/peravia-activa-su-transformacion-julito-fulcar-convoca-juramentacion-del-consejo-que-ejecutara-plan-a-30-anos\/","title":{"rendered":"Peravia activa su transformaci\u00f3n: Julito Fulcar convoca juramentaci\u00f3n del Consejo que ejecutar\u00e1 plan a 30 a\u00f1os"},"content":{"rendered":"<p>Santo Domingo.\u2013 El senador de la provincia Peravia, Julito Fulcar, convoc\u00f3 al acto de juramentaci\u00f3n de la directiva del Consejo Estrat\u00e9gico de Desarrollo Sostenible de Peravia, organismo que tendr\u00e1 a su cargo la ejecuci\u00f3n del \u201cPlan de Desarrollo Provincial: Peravia 2025-2055\u201d presentado oficialmente el pasado 24 de enero.<\/p>\n<p>La actividad se realizar\u00e1 este jueves a las 5:00 de la tarde en el auditorio de la UASD Recinto Ban\u00ed, y ser\u00e1 encabezada por la vicepresidenta de la Rep\u00fablica, Raquel Pe\u00f1a, con la participaci\u00f3n de alcaldes, autoridades provinciales, representantes del sector empresarial, la Iglesia y l\u00edderes sociales.<\/p>\n<p>Fulcar explic\u00f3 que, tras la presentaci\u00f3n del plan, se avanz\u00f3 en la conformaci\u00f3n de la estructura institucional que permitir\u00e1 su implementaci\u00f3n, culminando con la constituci\u00f3n de la asamblea y la designaci\u00f3n de una directiva que dirigir\u00e1 el consejo durante los pr\u00f3ximos tres a\u00f1os.<\/p>\n<p>\u201cEl Consejo Estrat\u00e9gico ser\u00e1 el \u00f3rgano responsable de articular los esfuerzos del gobierno, el sector empresarial y la sociedad civil, para garantizar la ejecuci\u00f3n efectiva de este plan que marcar\u00e1 el desarrollo de la provincia en los pr\u00f3ximos 30 a\u00f1os\u201d, expres\u00f3 el legislador.<\/p>\n<p>El Plan de Desarrollo Sostenible de Peravia, concebido con una visi\u00f3n a largo plazo, constituye una herramienta para organizar, planificar y armonizar el crecimiento de la provincia. El mismo contempla 54 proyectos estructurantes y 283 iniciativas de corto y mediano plazo, que ser\u00e1n ejecutadas mediante inversi\u00f3n p\u00fablica, gesti\u00f3n del sector privado y alianzas p\u00fablico-privadas.<\/p>\n<p>El senador destac\u00f3 que el plan fue elaborado con un alto nivel de participaci\u00f3n y consenso, integrando a m\u00e1s de 7,500 personas en 27 mesas de trabajo, adem\u00e1s de m\u00faltiples encuentros con peravianos residentes en la provincia, el Gran Santo Domingo y los Estados Unidos.<\/p>\n<p>\u201cEste es un plan que recoge la visi\u00f3n colectiva de nuestra gente y establece una hoja de ruta clara para el desarrollo sostenible de Peravia\u201d, subray\u00f3 Fulcar.<\/p>\n<p>Finalmente, reiter\u00f3 la invitaci\u00f3n a la ciudadan\u00eda a asistir al acto de juramentaci\u00f3n, calific\u00e1ndolo como \u201cun paso decisivo para organizar el presente y construir el futuro de la provincia\u201d.<\/p>\n","protected":false},"excerpt":{"rendered":"<p>Santo Domingo.\u2013 El senador de la provincia Peravia, Julito Fulcar, convoc\u00f3 al acto de juramentaci\u00f3n&hellip;<\/p>\n","protected":false},"author":2,"featured_media":79660,"comment_status":"closed","ping_status":"closed","sticky":false,"template":"","format":"standard","meta":{"footnotes":""},"categories":[55],"tags":[],"class_list":["post-79659","post","type-post","status-publish","format-standard","has-post-thumbnail","hentry","category-nacionales"],"_links":{"self":[{"href":"https:\/\/eldiarioantillano.com\/uno\/wp-json\/wp\/v2\/posts\/79659","targetHints":{"allow":["GET"]}}],"collection":[{"href":"https:\/\/eldiarioantillano.com\/uno\/wp-json\/wp\/v2\/posts"}],"about":[{"href":"https:\/\/eldiarioantillano.com\/uno\/wp-json\/wp\/v2\/types\/post"}],"author":[{"embeddable":true,"href":"https:\/\/eldiarioantillano.com\/uno\/wp-json\/wp\/v2\/users\/2"}],"replies":[{"embeddable":true,"href":"https:\/\/eldiarioantillano.com\/uno\/wp-json\/wp\/v2\/comments?post=79659"}],"version-history":[{"count":1,"href":"https:\/\/eldiarioantillano.com\/uno\/wp-json\/wp\/v2\/posts\/79659\/revisions"}],"predecessor-version":[{"id":79661,"href":"https:\/\/eldiarioantillano.com\/uno\/wp-json\/wp\/v2\/posts\/79659\/revisions\/79661"}],"wp:featuredmedia":[{"embeddable":true,"href":"https:\/\/eldiarioantillano.com\/uno\/wp-json\/wp\/v2\/media\/79660"}],"wp:attachment":[{"href":"https:\/\/eldiarioantillano.com\/uno\/wp-json\/wp\/v2\/media?parent=79659"}],"wp:term":[{"taxonomy":"category","embeddable":true,"href":"https:\/\/eldiarioantillano.com\/uno\/wp-json\/wp\/v2\/categories?post=79659"},{"taxonomy":"post_tag","embeddable":true,"href":"https:\/\/eldiarioantillano.com\/uno\/wp-json\/wp\/v2\/tags?post=79659"}],"curies":[{"name":"wp","href":"https:\/\/api.w.org\/{rel}","templated":true}]}}