{"id":79656,"date":"2026-04-30T01:32:36","date_gmt":"2026-04-30T05:32:36","guid":{"rendered":"https:\/\/eldiarioantillano.com\/uno\/?p=79656"},"modified":"2026-04-30T01:32:36","modified_gmt":"2026-04-30T05:32:36","slug":"iran-afirma-que-ee-uu-ya-no-puede-imponer-su-politica-internacional","status":"publish","type":"post","link":"https:\/\/eldiarioantillano.com\/uno\/2026\/04\/30\/iran-afirma-que-ee-uu-ya-no-puede-imponer-su-politica-internacional\/","title":{"rendered":"Ir\u00e1n afirma que EE. UU. ya no puede imponer su pol\u00edtica internacional"},"content":{"rendered":"<div class=\"elementor-element elementor-element-5a38e61 e-flex e-con-boxed e-con e-child\" data-id=\"5a38e61\" data-element_type=\"container\" data-e-type=\"container\">\n<div class=\"e-con-inner\">\n<div class=\"elementor-element elementor-element-d2a4feb elementor-widget elementor-widget-theme-post-excerpt\" data-id=\"d2a4feb\" data-element_type=\"widget\" data-e-type=\"widget\" data-widget_type=\"theme-post-excerpt.default\">\n<div class=\"elementor-widget-container\">Teher\u00e1n (Prensa Latina) El viceministro de Defensa de Ir\u00e1n, Reza Talaei Nik, asegur\u00f3 que Estados Unidos ya no est\u00e1 en condiciones de imponer por s\u00ed solo su pol\u00edtica en el escenario internacional.<\/div>\n<div>\n<p>Seg\u00fan inform\u00f3 la agencia semioficial Tasnim, el funcionario, encargado de la planificaci\u00f3n estrat\u00e9gica y el desarrollo administrativo de esa cartera, realiz\u00f3 estas declaraciones durante su participaci\u00f3n en una reuni\u00f3n de ministros de Defensa de la Organizaci\u00f3n de Cooperaci\u00f3n de Shangh\u00e1i (OCS), celebrada en Biskek, capital de Kirguist\u00e1n.<\/p>\n<p>Talaei Nik afirm\u00f3 que, en la actualidad, \u201cel mundo considera a Estados Unidos y a la entidad sionista como s\u00edmbolos del terrorismo de Estado\u201d, en referencia a Israel.<\/p>\n<p>La OCS est\u00e1 integrada por China, Rusia, Kazajist\u00e1n, Kirguist\u00e1n, Tayikist\u00e1n, Uzbekist\u00e1n, India, Pakist\u00e1n, Ir\u00e1n y Bielorrusia, y constituye un foro de cooperaci\u00f3n en materia pol\u00edtica, econ\u00f3mica y de seguridad.<\/p>\n<p>El viceministro sostuvo adem\u00e1s que la incapacidad de Washington para imponer su agenda responde, en parte, a la \u201cdeterminaci\u00f3n del pueblo iran\u00ed y sus fuerzas armadas\u201d.<\/p>\n<p>El alto funcionario se\u00f1al\u00f3 que Estados Unidos deber\u00e1 reconocer la necesidad de abandonar lo que calific\u00f3 como exigencias \u201cilegales e il\u00f3gicas\u201d, en alusi\u00f3n a las demandas de Washington, respaldadas por Israel, para que Teher\u00e1n desista de sus programas de misiles y nuclear, condici\u00f3n que Ir\u00e1n rechaza.<\/p>\n<p>En este contexto, las tensiones entre ambas partes derivaron en enfrentamientos iniciados el pasado 28 de febrero, seguidos de una escalada de ataques y represalias en la regi\u00f3n.<\/p>\n<p>El 8 de abril, Washington y Teher\u00e1n anunciaron un alto el fuego temporal mediado por Pakist\u00e1n, tras varios d\u00edas de hostilidades.<\/p>\n<p>Posteriormente, el 11 de abril se desarroll\u00f3 una ronda de conversaciones sin resultados concluyentes, mientras que el 21 de abril el presidente estadounidense, Donald Trump, anunci\u00f3 la extensi\u00f3n del cese de hostilidades a solicitud de los mediadores pakistan\u00edes, sin precisar un plazo para su vigencia.<\/p>\n<p>nmr\/fm<\/p>\n<\/div>\n<\/div>\n<\/div>\n<\/div>\n<div class=\"elementor-element elementor-element-f5ec5bf e-flex e-con-boxed e-con e-child\" data-id=\"f5ec5bf\" data-element_type=\"container\" data-e-type=\"container\">\n<div class=\"e-con-inner\"><\/div>\n<\/div>\n","protected":false},"excerpt":{"rendered":"<p>Teher\u00e1n (Prensa Latina) El viceministro de Defensa de Ir\u00e1n, Reza Talaei Nik, asegur\u00f3 que Estados&hellip;<\/p>\n","protected":false},"author":2,"featured_media":79657,"comment_status":"closed","ping_status":"closed","sticky":false,"template":"","format":"standard","meta":{"footnotes":""},"categories":[52,53],"tags":[],"class_list":["post-79656","post","type-post","status-publish","format-standard","has-post-thumbnail","hentry","category-internacionales","category-prensa-latina"],"_links":{"self":[{"href":"https:\/\/eldiarioantillano.com\/uno\/wp-json\/wp\/v2\/posts\/79656","targetHints":{"allow":["GET"]}}],"collection":[{"href":"https:\/\/eldiarioantillano.com\/uno\/wp-json\/wp\/v2\/posts"}],"about":[{"href":"https:\/\/eldiarioantillano.com\/uno\/wp-json\/wp\/v2\/types\/post"}],"author":[{"embeddable":true,"href":"https:\/\/eldiarioantillano.com\/uno\/wp-json\/wp\/v2\/users\/2"}],"replies":[{"embeddable":true,"href":"https:\/\/eldiarioantillano.com\/uno\/wp-json\/wp\/v2\/comments?post=79656"}],"version-history":[{"count":1,"href":"https:\/\/eldiarioantillano.com\/uno\/wp-json\/wp\/v2\/posts\/79656\/revisions"}],"predecessor-version":[{"id":79658,"href":"https:\/\/eldiarioantillano.com\/uno\/wp-json\/wp\/v2\/posts\/79656\/revisions\/79658"}],"wp:featuredmedia":[{"embeddable":true,"href":"https:\/\/eldiarioantillano.com\/uno\/wp-json\/wp\/v2\/media\/79657"}],"wp:attachment":[{"href":"https:\/\/eldiarioantillano.com\/uno\/wp-json\/wp\/v2\/media?parent=79656"}],"wp:term":[{"taxonomy":"category","embeddable":true,"href":"https:\/\/eldiarioantillano.com\/uno\/wp-json\/wp\/v2\/categories?post=79656"},{"taxonomy":"post_tag","embeddable":true,"href":"https:\/\/eldiarioantillano.com\/uno\/wp-json\/wp\/v2\/tags?post=79656"}],"curies":[{"name":"wp","href":"https:\/\/api.w.org\/{rel}","templated":true}]}}