{"id":79644,"date":"2026-04-30T00:00:11","date_gmt":"2026-04-30T04:00:11","guid":{"rendered":"https:\/\/eldiarioantillano.com\/uno\/?p=79644"},"modified":"2026-04-29T23:21:29","modified_gmt":"2026-04-30T03:21:29","slug":"galeria-cartografia-situada-de-la-obra-de-asdrubal-dominguez","status":"publish","type":"post","link":"https:\/\/eldiarioantillano.com\/uno\/2026\/04\/30\/galeria-cartografia-situada-de-la-obra-de-asdrubal-dominguez\/","title":{"rendered":"GALER\u00cdA: Cartograf\u00eda Situada de la Obra de Asdr\u00fabal Dom\u00ednguez"},"content":{"rendered":"<p>En su tertulia de mayo, en el Centro Cultural Banrservas, la Asociaci\u00f3n Dominicana de Historia del Arte trat\u00f3 la obra y vida del artista pl\u00e1stico y pol\u00edtico Asdr\u00fabal Dom\u00ednguez, a cargo de la doctora Paula G\u00f3mez Jorge. En la exposici\u00f3n, titulada Cartograf\u00eda Situada de la Obra de Asdr\u00fabal Dom\u00ednguez, se abord\u00f3 el impacto que tuvo en el artista en la gr\u00e1fica y la vida cultural dominicana, adem\u00e1s de su militancia en la izquierda socialista del pa\u00eds.<\/p>\n","protected":false},"excerpt":{"rendered":"<p>En su tertulia de mayo, en el Centro Cultural Banrservas, la Asociaci\u00f3n Dominicana de Historia&hellip;<\/p>\n","protected":false},"author":2,"featured_media":79645,"comment_status":"closed","ping_status":"closed","sticky":false,"template":"","format":"gallery","meta":{"footnotes":""},"categories":[63],"tags":[],"class_list":["post-79644","post","type-post","status-publish","format-gallery","has-post-thumbnail","hentry","category-cultura","post_format-post-format-gallery"],"_links":{"self":[{"href":"https:\/\/eldiarioantillano.com\/uno\/wp-json\/wp\/v2\/posts\/79644","targetHints":{"allow":["GET"]}}],"collection":[{"href":"https:\/\/eldiarioantillano.com\/uno\/wp-json\/wp\/v2\/posts"}],"about":[{"href":"https:\/\/eldiarioantillano.com\/uno\/wp-json\/wp\/v2\/types\/post"}],"author":[{"embeddable":true,"href":"https:\/\/eldiarioantillano.com\/uno\/wp-json\/wp\/v2\/users\/2"}],"replies":[{"embeddable":true,"href":"https:\/\/eldiarioantillano.com\/uno\/wp-json\/wp\/v2\/comments?post=79644"}],"version-history":[{"count":1,"href":"https:\/\/eldiarioantillano.com\/uno\/wp-json\/wp\/v2\/posts\/79644\/revisions"}],"predecessor-version":[{"id":79654,"href":"https:\/\/eldiarioantillano.com\/uno\/wp-json\/wp\/v2\/posts\/79644\/revisions\/79654"}],"wp:featuredmedia":[{"embeddable":true,"href":"https:\/\/eldiarioantillano.com\/uno\/wp-json\/wp\/v2\/media\/79645"}],"wp:attachment":[{"href":"https:\/\/eldiarioantillano.com\/uno\/wp-json\/wp\/v2\/media?parent=79644"}],"wp:term":[{"taxonomy":"category","embeddable":true,"href":"https:\/\/eldiarioantillano.com\/uno\/wp-json\/wp\/v2\/categories?post=79644"},{"taxonomy":"post_tag","embeddable":true,"href":"https:\/\/eldiarioantillano.com\/uno\/wp-json\/wp\/v2\/tags?post=79644"}],"curies":[{"name":"wp","href":"https:\/\/api.w.org\/{rel}","templated":true}]}}