{"id":79639,"date":"2026-04-30T00:00:07","date_gmt":"2026-04-30T04:00:07","guid":{"rendered":"https:\/\/eldiarioantillano.com\/uno\/?p=79639"},"modified":"2026-04-29T23:28:15","modified_gmt":"2026-04-30T03:28:15","slug":"coordinadora-popular-nacional-rechaza-militarizacion-contra-dia-nacional-de-rebeldia","status":"publish","type":"post","link":"https:\/\/eldiarioantillano.com\/uno\/2026\/04\/30\/coordinadora-popular-nacional-rechaza-militarizacion-contra-dia-nacional-de-rebeldia\/","title":{"rendered":"Coordinadora Popular Nacional rechaza militarizaci\u00f3n contra D\u00eda Nacional de Rebeld\u00eda"},"content":{"rendered":"<p>SANTO DOMINGO.- En el marco del D\u00eda Nacional de Rebeld\u00eda, convocado por la Coordinadora Popular Nacional (CPN), el pa\u00eds vivi\u00f3 una jornada marcada por dos elementos centrales: la movilizaci\u00f3n de amplios sectores populares y una fuerte presencia militar y policial en los principales puntos de protesta.<\/p>\n<p>Desde tempranas horas, diversas regiones respondieron al llamado con acciones de lucha en defensa de la soberan\u00eda nacional y contra las pol\u00edticas econ\u00f3micas vigentes. Provincias como San Juan, el Cibao y San Francisco de Macor\u00eds registraron paralizaciones y manifestaciones, mientras que en el Gran Santo Domingo se desarrollaron concentraciones frente al Palacio Nacional con la participaci\u00f3n de ca\u00f1eros, trabajadores, personal de salud y comunidades organizadas.<\/p>\n<p>En este contexto, la CPN emiti\u00f3 el siguiente comunicado, en el que fija su posici\u00f3n frente al despliegue de fuerzas de seguridad y el desarrollo de la jornada.<\/p>\n<p><strong>Rechazo en\u00e9rgico a la militarizaci\u00f3n e intimidaci\u00f3n contra el D\u00eda Nacional de Rebeld\u00eda<\/strong><\/p>\n<p>La Coordinadora Popular Nacional (CPN) expresa su m\u00e1s firme y en\u00e9rgico rechazo a la desproporcionada y provocadora presencia militar y policial desplegada en todo el pa\u00eds con motivo de las movilizaciones convocadas para el D\u00eda Nacional de Rebeld\u00eda.<\/p>\n<p>Desde horas tempranas, el gobierno convirti\u00f3 \u00a0ciudades, carreteras y espacios p\u00fablicos en zonas militarizadas, con cordones de seguridad, unidades antimotines, equipos t\u00e1cticos y operativos que nada tienen que ver con la garant\u00eda de derechos,\u00a0<strong>sino con la intimidaci\u00f3n directa al pueblo que se movilizaba.<\/strong><\/p>\n<p>Denunciamos que esta actuaci\u00f3n:<\/p>\n<ul>\n<li>Aumentaban deliberadamente las posibilidades de altercados y disturbios, al imponer un ambiente de tensi\u00f3n innecesaria frente a manifestaciones de car\u00e1cter pac\u00edfico.<\/li>\n<li>Interrump\u00edan \u00a0y obstaculizaban el desarrollo normal de las actividades convocadas por la CPN.<\/li>\n<li>Criminalizaron el derecho constitucional a la protesta, tratando al pueblo organizado como enemigo interno.<\/li>\n<li>Derivaron en arrestos arbitrarios y abusos, dirigidos a debilitar la participaci\u00f3n ciudadana.<\/li>\n<\/ul>\n<p>A pesar de este escenario, la respuesta del pueblo dominicano fue clara y contundente.<\/p>\n<p>En San Juan, el Cibao y San Francisco de Macor\u00eds, as\u00ed como en otros puntos del pa\u00eds, se desarrollaron acciones de lucha y paralizaciones en defensa de la soberan\u00eda nacional, el derecho a una vida digna y en rechazo a la pol\u00edtica econ\u00f3mica y las imposiciones externas.<\/p>\n<p>De igual manera, en el Gran Santo Domingo, se llevaron a cabo acciones frente al Palacio Nacional, en el marco de la jornada de lucha nacional decretada por la Coordinadora, con la participaci\u00f3n de ca\u00f1eros, trabajadores, enfermeras y pobladores, reafirmando el car\u00e1cter amplio y popular de esta convocatoria.<\/p>\n<p>Esta pol\u00edtica de militarizaci\u00f3n no es un hecho aislado. Es la respuesta de un gobierno que, incapaz de dar soluciones a la crisis social, econ\u00f3mica y a su pol\u00edtica internacional subordinada, opta por la fuerza y el miedo como mecanismo de control.<\/p>\n<p>Responsabilizamos al gobierno de cualquier incidente que pueda producirse como consecuencia de este despliegue excesivo, provocador e irresponsable.<\/p>\n<p>Reafirmamos con claridad:<\/p>\n<ul>\n<li>Que nuestras movilizaciones son pac\u00edficas, leg\u00edtimas y amparadas por la Constituci\u00f3n.<\/li>\n<li>Que el pueblo dominicano tiene derecho a manifestarse sin ser rodeado, perseguido ni intimidado.<\/li>\n<li>Que ninguna demostraci\u00f3n de fuerza detendr\u00e1 las demandas por justicia social, soberan\u00eda y dignidad.<\/li>\n<\/ul>\n<p>La Coordinadora Popular Nacional hace un llamado a la ciudadan\u00eda a mantener la firmeza, la disciplina y el car\u00e1cter consciente de la lucha, sin caer en provocaciones, pero sin retroceder ante la intimidaci\u00f3n.<\/p>\n<p>La militarizaci\u00f3n no silenciar\u00e1 al pueblo.<\/p>\n<p>La intimidaci\u00f3n no detendr\u00e1 la rebeld\u00eda.<\/p>\n<p>\u00a1Seguiremos en las calles!<\/p>\n<p style=\"text-align: center;\">Coordinadora Popular Nacional (CPN)<br \/>\nRep\u00fablica Dominicana<br \/>\n28 de abril de 2026<\/p>\n","protected":false},"excerpt":{"rendered":"<p>SANTO DOMINGO.- En el marco del D\u00eda Nacional de Rebeld\u00eda, convocado por la Coordinadora Popular&hellip;<\/p>\n","protected":false},"author":2,"featured_media":79348,"comment_status":"closed","ping_status":"closed","sticky":false,"template":"","format":"standard","meta":{"footnotes":""},"categories":[55],"tags":[],"class_list":["post-79639","post","type-post","status-publish","format-standard","has-post-thumbnail","hentry","category-nacionales"],"_links":{"self":[{"href":"https:\/\/eldiarioantillano.com\/uno\/wp-json\/wp\/v2\/posts\/79639","targetHints":{"allow":["GET"]}}],"collection":[{"href":"https:\/\/eldiarioantillano.com\/uno\/wp-json\/wp\/v2\/posts"}],"about":[{"href":"https:\/\/eldiarioantillano.com\/uno\/wp-json\/wp\/v2\/types\/post"}],"author":[{"embeddable":true,"href":"https:\/\/eldiarioantillano.com\/uno\/wp-json\/wp\/v2\/users\/2"}],"replies":[{"embeddable":true,"href":"https:\/\/eldiarioantillano.com\/uno\/wp-json\/wp\/v2\/comments?post=79639"}],"version-history":[{"count":2,"href":"https:\/\/eldiarioantillano.com\/uno\/wp-json\/wp\/v2\/posts\/79639\/revisions"}],"predecessor-version":[{"id":79655,"href":"https:\/\/eldiarioantillano.com\/uno\/wp-json\/wp\/v2\/posts\/79639\/revisions\/79655"}],"wp:featuredmedia":[{"embeddable":true,"href":"https:\/\/eldiarioantillano.com\/uno\/wp-json\/wp\/v2\/media\/79348"}],"wp:attachment":[{"href":"https:\/\/eldiarioantillano.com\/uno\/wp-json\/wp\/v2\/media?parent=79639"}],"wp:term":[{"taxonomy":"category","embeddable":true,"href":"https:\/\/eldiarioantillano.com\/uno\/wp-json\/wp\/v2\/categories?post=79639"},{"taxonomy":"post_tag","embeddable":true,"href":"https:\/\/eldiarioantillano.com\/uno\/wp-json\/wp\/v2\/tags?post=79639"}],"curies":[{"name":"wp","href":"https:\/\/api.w.org\/{rel}","templated":true}]}}