{"id":79635,"date":"2026-04-29T22:29:06","date_gmt":"2026-04-30T02:29:06","guid":{"rendered":"https:\/\/eldiarioantillano.com\/uno\/?p=79635"},"modified":"2026-04-29T22:53:04","modified_gmt":"2026-04-30T02:53:04","slug":"el-coe-coloca-03-provincias-en-alerta-roja-mantiene-12-y-el-diatrito-nacional-en-alerta-amarilla-y-09-en-verde","status":"publish","type":"post","link":"https:\/\/eldiarioantillano.com\/uno\/2026\/04\/29\/el-coe-coloca-03-provincias-en-alerta-roja-mantiene-12-y-el-diatrito-nacional-en-alerta-amarilla-y-09-en-verde\/","title":{"rendered":"El COE coloca 03 provincias en alerta roja, mantiene 12 y el Distrito Nacional en alerta amarilla y 09 en verde"},"content":{"rendered":"<p>El COE coloca 03 provincias en alerta roja, mantiene 12 y el Distrito Nacional en alerta amarilla y 09 en verde, debido a que el INDOMET e INDRHI, establecen que por la incidencia de una vaguada asociada a un sistema frontal, se prev\u00e9 que durante la tarde y la noche se registren acumulados de lluvias significativos.<\/p>\n<article>\n<div class=\"itemFullText\">\n<p>En alerta roja est\u00e1n:<\/p>\n<p>Montecristi<br \/>\nValverde<br \/>\nSantiago Rodr\u00edguez<\/p>\n<p>En alerta amarilla ?est\u00e1n:<\/p>\n<p>Mar\u00eda Trinidad S\u00e1nchez<br \/>\nSantiago<br \/>\nDuarte (en especial el Bajo Yuna)<br \/>\nPuerto Plata<br \/>\nHermanas Mirabal<br \/>\nHato Mayor<br \/>\nDistrito Nacional<br \/>\nLa Vega<br \/>\nS\u00e1nchez Ram\u00edrez<br \/>\nEspaillat<br \/>\nSaman\u00e1<br \/>\nMonse\u00f1or Nouel<br \/>\nSanto Domingo<\/p>\n<p>En alerta verde ?:<\/p>\n<p>Monte Plata<br \/>\nPeravia<br \/>\nSan Pedro de Macor\u00eds<br \/>\nSan Juan<br \/>\nLa Altagracia<br \/>\nSan Jos\u00e9 de Ocoa<br \/>\nSan Crist\u00f3bal<br \/>\nEl Seibo<br \/>\nLa Romana<\/p>\n<p>En ese sentido, se recomienda a las personas abstenerse de cruzar r\u00edos, arroyos y ca\u00f1adas que presenten altos vol\u00famenes de agua y no hacer uso de balnearios en las provincias bajo alerta.<\/p>\n<\/div>\n<\/article>\n","protected":false},"excerpt":{"rendered":"<p>El COE coloca 03 provincias en alerta roja, mantiene 12 y el Distrito Nacional en&hellip;<\/p>\n","protected":false},"author":2,"featured_media":79630,"comment_status":"closed","ping_status":"closed","sticky":false,"template":"","format":"standard","meta":{"footnotes":""},"categories":[57,55],"tags":[],"class_list":["post-79635","post","type-post","status-publish","format-standard","has-post-thumbnail","hentry","category-montecristi","category-nacionales"],"_links":{"self":[{"href":"https:\/\/eldiarioantillano.com\/uno\/wp-json\/wp\/v2\/posts\/79635","targetHints":{"allow":["GET"]}}],"collection":[{"href":"https:\/\/eldiarioantillano.com\/uno\/wp-json\/wp\/v2\/posts"}],"about":[{"href":"https:\/\/eldiarioantillano.com\/uno\/wp-json\/wp\/v2\/types\/post"}],"author":[{"embeddable":true,"href":"https:\/\/eldiarioantillano.com\/uno\/wp-json\/wp\/v2\/users\/2"}],"replies":[{"embeddable":true,"href":"https:\/\/eldiarioantillano.com\/uno\/wp-json\/wp\/v2\/comments?post=79635"}],"version-history":[{"count":2,"href":"https:\/\/eldiarioantillano.com\/uno\/wp-json\/wp\/v2\/posts\/79635\/revisions"}],"predecessor-version":[{"id":79643,"href":"https:\/\/eldiarioantillano.com\/uno\/wp-json\/wp\/v2\/posts\/79635\/revisions\/79643"}],"wp:featuredmedia":[{"embeddable":true,"href":"https:\/\/eldiarioantillano.com\/uno\/wp-json\/wp\/v2\/media\/79630"}],"wp:attachment":[{"href":"https:\/\/eldiarioantillano.com\/uno\/wp-json\/wp\/v2\/media?parent=79635"}],"wp:term":[{"taxonomy":"category","embeddable":true,"href":"https:\/\/eldiarioantillano.com\/uno\/wp-json\/wp\/v2\/categories?post=79635"},{"taxonomy":"post_tag","embeddable":true,"href":"https:\/\/eldiarioantillano.com\/uno\/wp-json\/wp\/v2\/tags?post=79635"}],"curies":[{"name":"wp","href":"https:\/\/api.w.org\/{rel}","templated":true}]}}