{"id":79627,"date":"2026-04-29T00:00:12","date_gmt":"2026-04-29T04:00:12","guid":{"rendered":"https:\/\/eldiarioantillano.com\/uno\/?p=79627"},"modified":"2026-04-28T20:11:51","modified_gmt":"2026-04-29T00:11:51","slug":"pt-de-brasil-entre-estrategia-electoral-y-proyeccion-global","status":"publish","type":"post","link":"https:\/\/eldiarioantillano.com\/uno\/2026\/04\/29\/pt-de-brasil-entre-estrategia-electoral-y-proyeccion-global\/","title":{"rendered":"PT de Brasil, entre estrategia electoral y proyecci\u00f3n global"},"content":{"rendered":"<p>Brasilia (Prensa Latina) El octavo Congreso Nacional del brasile\u00f1o Partido de los Trabajadores (PT) concluy\u00f3 con definiciones claras sobre su agenda interna, la proyecci\u00f3n internacional y el objetivo de garantizar la reelecci\u00f3n del presidente Luiz In\u00e1cio Lula da Silva.<\/p>\n<p>Celebrada del 24 al 26 de abril en el capitalino Centro de Convenciones Brasil 21, la cita reuni\u00f3 a 562 delegados de todo el pa\u00eds y cont\u00f3 con una amplia presencia de delegaciones extranjeras, para reforzar su car\u00e1cter pol\u00edtico m\u00e1s all\u00e1 del \u00e1mbito partidista.<\/p>\n<p>Durante tres jornadas, la principal fuerza de la izquierda del gigante sudamericano debati\u00f3 su orientaci\u00f3n program\u00e1tica y deline\u00f3 una lectura integral del momento nacional y la inserci\u00f3n en el escenario global.<\/p>\n<p>Entre los resultados del encuentro sobresali\u00f3 la aprobaci\u00f3n del\u00a0documento \u201cConstruyendo el futuro: Manifiesto del PT para continuar\u00a0transformando el pa\u00eds\u201d, adoptado como gu\u00eda estrat\u00e9gica para el pr\u00f3ximo\u00a0periodo.<\/p>\n<p>Dicho texto coloca a las elecciones de octubre pr\u00f3ximo en el centro de la acci\u00f3n pol\u00edtica, al considerar que la continuidad del gobierno de Lula resulta determinante para Brasil y el equilibrio democr\u00e1tico en Am\u00e9rica Latina y el mundo.<\/p>\n<p>La meta propuesta estuvo presente en la mayor\u00eda de los debates del\u00a0evento, en los cuales se interpret\u00f3 la situaci\u00f3n interna como parte de una disputa global entre proyectos democr\u00e1ticos y tendencias autoritarias.<\/p>\n<p>As\u00ed, la posible victoria de Lula en las urnas fue presentada como un elemento clave para sostener pol\u00edticas sociales, fortalecer el papel del Estado y preservar la estabilidad institucional.<\/p>\n<p><strong>PROPONEN REFORMAS ESTRUCTURALES<\/strong><\/p>\n<p>El manifiesto aprobado en el congreso propuso siete reformas\u00a0estructurales (pol\u00edtica-electoral, tributaria, judicial, tecnol\u00f3gica,\u00a0administrativa, agraria y de comunicaciones), consideradas pilares de un nuevo pacto nacional de desarrollo.<\/p>\n<p>Seg\u00fan el PT, ese consenso debe construirse a partir de una amplia\u00a0concertaci\u00f3n social que incluya de igual manera a la clase trabajadora y a sectores empresariales comprometidos con el desarrollo de la naci\u00f3n.<\/p>\n<p>Tambi\u00e9n, el documento subray\u00f3 tres principios fundamentales: la capacidad del Estado para orientar inversiones y pol\u00edticas p\u00fablicas, la redistribuci\u00f3n de la riqueza y una transici\u00f3n tecnol\u00f3gica y ambiental basada en la soberan\u00eda.<\/p>\n<p>Desde esta perspectiva, el fortalecimiento estatal aparece como\u00a0condici\u00f3n necesaria para garantizar cohesi\u00f3n social y desarrollo sostenible.<\/p>\n<p>A nivel social, el PT reafirm\u00f3 propuestas como la escolarizaci\u00f3n\u00a0universal en jornada completa, la ampliaci\u00f3n del acceso a la educaci\u00f3n\u00a0infantil y guarder\u00edas, y la defensa de los derechos laborales.<\/p>\n<p>Relacionada con la \u00faltima alternativa destaca la intenci\u00f3n de reducir la jornada de trabajo a 40 horas semanales y eliminar el r\u00e9gimen 6\u00d71 (seis d\u00edas de faena y uno de descanso), para mejorar la calidad de vida de los trabajadores y la convivencia familiar.<\/p>\n<p>Por otro lado, el congreso incluy\u00f3 una lectura cr\u00edtica del gobierno de Jair Bolsonaro (2019-2022), al cual el PT atribuye un proceso de\u00a0debilitamiento institucional, crisis econ\u00f3mica y social, y una gesti\u00f3n\u00a0negativa de la pandemia de la Covid-19.<\/p>\n<p>En contraste, se present\u00f3 a la actual administraci\u00f3n como una etapa de reconstrucci\u00f3n de pol\u00edticas p\u00fablicas y recuperaci\u00f3n del papel del Estado.<\/p>\n<p>Tales valoraciones fueron reforzadas en la \u00faltima jornada del encuentro, en la cual l\u00edderes del partido coincidieron en subrayar la centralidad de la disputa electoral.<\/p>\n<p>Para el exministro de Hacienda y precandidato a gobernador por el estado de S\u00e3o Paulo, Fernando Haddad, la reelecci\u00f3n de Lula resulta \u201cimperativa\u201d y no se contempla de ninguna forma una derrota en los referidos comicios.<\/p>\n<p>Haddad advirti\u00f3 sobre los riesgos de un presunto retroceso pol\u00edtico, en un discurso que situ\u00f3 la contienda como una confrontaci\u00f3n entre proyectos antag\u00f3nicos.<\/p>\n<p>Al respecto, el presidente del PT, Edinho Silva, centr\u00f3 su intervenci\u00f3n de la clausura en la necesidad de unidad interna, movilizaci\u00f3n territorial y construcci\u00f3n de alianzas democr\u00e1ticas.<\/p>\n<p>Consider\u00f3 que el congreso permiti\u00f3 consolidar una base pol\u00edtica y otorg\u00f3 legitimidad para articular acuerdos en todo el pa\u00eds con vistas a derrotar al fascismo.<\/p>\n<p><strong>SOLIDARIDAD INTERNACIONAL<\/strong><\/p>\n<p>M\u00e1s all\u00e1 del debate interno, el congreso tuvo un marcado componente\u00a0internacional, y se realizaron actos de solidaridad con Cuba, Venezuela y Palestina, en los cuales participaron representantes diplom\u00e1ticos y parlamentarios de esos pa\u00edses.<\/p>\n<p>Las intervenciones denunciaron sanciones, agresiones militares y\u00a0violaciones del derecho internacional, al tiempo que ponderaron la\u00a0cooperaci\u00f3n entre los pueblos.<\/p>\n<p>En el caso de la mayor de las Antillas, el PT aprob\u00f3 una moci\u00f3n en\u00a0contra del bloqueo econ\u00f3mico, comercial y financiero impuesto por Estados Unidos, al que calific\u00f3 de medida criminal e inhumana.<\/p>\n<p>Adem\u00e1s, ese documento respald\u00f3 la campa\u00f1a \u201cPaneles solares para Cuba\u201d, orientada a garantizar el suministro el\u00e9ctrico en hospitales de la isla caribe\u00f1a, sometida paralelamente a un cerco energ\u00e9tico.<\/p>\n<p>Con esas posiciones se evidenci\u00f3 la continuidad de la tradici\u00f3n\u00a0internacionalista del PT, que reafirm\u00f3 una visi\u00f3n de la pol\u00edtica brasile\u00f1a en medio de una disputa m\u00e1s amplia por la soberan\u00eda y la justicia social.<\/p>\n<p>Una nueva etapa comenz\u00f3 a andar y el PT tiene el prop\u00f3sito de trabajar por posicionarse mejor como un actor capaz de conducir un proyecto de pa\u00eds que integre desarrollo econ\u00f3mico, inclusi\u00f3n social y soberan\u00eda nacional.<\/p>\n<p>arb\/dsa<\/p>\n<p>&nbsp;<\/p>\n","protected":false},"excerpt":{"rendered":"<p>Brasilia (Prensa Latina) El octavo Congreso Nacional del brasile\u00f1o Partido de los Trabajadores (PT) concluy\u00f3&hellip;<\/p>\n","protected":false},"author":2,"featured_media":79623,"comment_status":"closed","ping_status":"closed","sticky":false,"template":"","format":"standard","meta":{"footnotes":""},"categories":[52,53],"tags":[],"class_list":["post-79627","post","type-post","status-publish","format-standard","has-post-thumbnail","hentry","category-internacionales","category-prensa-latina"],"_links":{"self":[{"href":"https:\/\/eldiarioantillano.com\/uno\/wp-json\/wp\/v2\/posts\/79627","targetHints":{"allow":["GET"]}}],"collection":[{"href":"https:\/\/eldiarioantillano.com\/uno\/wp-json\/wp\/v2\/posts"}],"about":[{"href":"https:\/\/eldiarioantillano.com\/uno\/wp-json\/wp\/v2\/types\/post"}],"author":[{"embeddable":true,"href":"https:\/\/eldiarioantillano.com\/uno\/wp-json\/wp\/v2\/users\/2"}],"replies":[{"embeddable":true,"href":"https:\/\/eldiarioantillano.com\/uno\/wp-json\/wp\/v2\/comments?post=79627"}],"version-history":[{"count":1,"href":"https:\/\/eldiarioantillano.com\/uno\/wp-json\/wp\/v2\/posts\/79627\/revisions"}],"predecessor-version":[{"id":79628,"href":"https:\/\/eldiarioantillano.com\/uno\/wp-json\/wp\/v2\/posts\/79627\/revisions\/79628"}],"wp:featuredmedia":[{"embeddable":true,"href":"https:\/\/eldiarioantillano.com\/uno\/wp-json\/wp\/v2\/media\/79623"}],"wp:attachment":[{"href":"https:\/\/eldiarioantillano.com\/uno\/wp-json\/wp\/v2\/media?parent=79627"}],"wp:term":[{"taxonomy":"category","embeddable":true,"href":"https:\/\/eldiarioantillano.com\/uno\/wp-json\/wp\/v2\/categories?post=79627"},{"taxonomy":"post_tag","embeddable":true,"href":"https:\/\/eldiarioantillano.com\/uno\/wp-json\/wp\/v2\/tags?post=79627"}],"curies":[{"name":"wp","href":"https:\/\/api.w.org\/{rel}","templated":true}]}}