{"id":79625,"date":"2026-04-29T00:05:00","date_gmt":"2026-04-29T04:05:00","guid":{"rendered":"https:\/\/eldiarioantillano.com\/uno\/?p=79625"},"modified":"2026-04-28T20:09:55","modified_gmt":"2026-04-29T00:09:55","slug":"canoa-purpura-cuando-la-respuesta-mas-positiva-es-no","status":"publish","type":"post","link":"https:\/\/eldiarioantillano.com\/uno\/2026\/04\/29\/canoa-purpura-cuando-la-respuesta-mas-positiva-es-no\/","title":{"rendered":"Canoa P\u00farpura: Cuando la respuesta m\u00e1s positiva es \u00a1NO!"},"content":{"rendered":"<p><em>En 2015, <\/em><a href=\"https:\/\/agenciatierraviva.com.ar\/barrick-gold-lo-hizo-diez-anos-del-mayor-derrame-minero-de-la-historia-argentina\/\"><em>en Argentina, un derrame de cianuro y mercurio afect\u00f3 a los r\u00edos Potrerillos, J\u00e1chal, Blanco,\u00a0La Palca\u00a0y Las Taguas<\/em><\/a><em>, y al dique Cuesta del Viento, recuerda la agencia de noticias Tierra Viva, en un art\u00edculo publicado en septiembre de 2025. Otros graves da\u00f1os ocasionados por la miner\u00eda se han registrado en <\/em><a href=\"https:\/\/urosario.edu.co\/revista-divulgacion-cientifica\/ambiente\/la-mineria-legal-tambien-contribuye-a-la-deforestacion\"><em>Colombia<\/em><\/a><em> y Brasil<\/em><\/p>\n<p>Por RIAMNY M\u00c9NDEZ F\u00c9LIZ<\/p>\n<p>San Juan, toda la provincia, protest\u00f3 en contra de un proyecto minero que, seg\u00fan voces expertas, como la del ambientalista Luis Carvajal, podr\u00eda poner en peligro el agua de la presa de Sabaneta y de varios r\u00edos fundamentales para la agricultura, el consumo humano y, por supuesto, para el ecoturismo, una de las actividades econ\u00f3micas que la provincia impulsa en estos momentos.<\/p>\n<p>Carvajal explica que \u201cel Valle de San Juan no es un espacio cualquiera. Se trata de una regi\u00f3n clave para: la recarga h\u00eddrica de la Cordillera Central, el r\u00edo San Juan y su conexi\u00f3n con el Yaque del Sur, infraestructuras estrat\u00e9gicas como las presas de Sabaneta y Sabana Yegua, y la producci\u00f3n agr\u00edcola que sostiene a decenas de miles de familias\u201d.<\/p>\n<p>\u00bfVale la pena poner en riesgo el Valle por la miner\u00eda? Diferentes sectores de San Juan de la Maguana dijeron que no \u00a0y est\u00e1n en todo su derecho. La consulta social es fundamental para desarrollar, o no, proyectos de miner\u00eda, una actividad que tradicionalmente ha causado grandes da\u00f1os ambientales y sociales, especialmente en pa\u00edses de \u00c1frica, Asia y Am\u00e9rica Latina y el Caribe.<\/p>\n<p>En 2015, <a href=\"https:\/\/agenciatierraviva.com.ar\/barrick-gold-lo-hizo-diez-anos-del-mayor-derrame-minero-de-la-historia-argentina\/\">en Argentina, un derrame de cianuro y mercurio afect\u00f3 a los r\u00edos Potrerillos, J\u00e1chal, Blanco,\u00a0La Palca\u00a0y Las Taguas<\/a>, y al dique Cuesta del Viento, recuerda la agencia de noticias Tierra Viva en un art\u00edculo publicado en septiembre de 2025. Otros graves da\u00f1os ocasionados por la miner\u00eda se han registrado en <a href=\"https:\/\/urosario.edu.co\/revista-divulgacion-cientifica\/ambiente\/la-mineria-legal-tambien-contribuye-a-la-deforestacion\">Colombia<\/a>, donde la explotaci\u00f3n del oro provoca deforestaci\u00f3n y en <a href=\"https:\/\/www.bbc.com\/mundo\/noticias-america-latina-47007628\">Brasil <\/a>, donde en 2019 murieron 60 personas y 300 desaparecieron tras la ruptura del dique de una presa de una empresa minera.<\/p>\n<p>Estos pa\u00edses, que se encuentran en tierra continental, con ecosistemas que son, en general, m\u00e1s fuertes y resistentes que los dominicanos, todav\u00eda no se recuperan de los da\u00f1os. \u00bfC\u00f3mo se recuperar\u00eda la Rep\u00fablica Dominicana de da\u00f1os ambientales parecidos a estos? Con frecuencia olvidamos que somos parte de una isla afectada gravemente por el cambio clim\u00e1tico, con estr\u00e9s h\u00eddrico, deforestaci\u00f3n y da\u00f1os en las cuencas hidrogr\u00e1ficas. \u00bfEs racional, \u00e9tico y econ\u00f3micamente viable aceptar los riesgos que conlleva la miner\u00eda?<\/p>\n<p>En su art\u00edculo \u201cSan Juan no rechaza un proyecto: rechaza la transformaci\u00f3n del valle en un distrito minero\u201d, Carvajal tambi\u00e9n plantea: \u201cEl debate no puede centrarse en si un proyecto espec\u00edfico contamina o no. La pregunta correcta es si el Valle de San Juan puede o no convertirse en un distrito minero sin sacrificar su funci\u00f3n estrat\u00e9gica para el pa\u00eds\u201d.<\/p>\n<p>El ministro de Medio Ambiente, Armando Pa\u00edno Henr\u00edquez, comenta que el pa\u00eds debe decidir si escoge o no la miner\u00eda como una de sus actividades econ\u00f3micas fundamentales, seg\u00fan recoge el peri\u00f3dico El D\u00eda. \u00a0Es una pregunta que debemos responder de forma colectiva.<\/p>\n<p>No todos los pa\u00edses americanos con mejor calidad de vida que la Rep\u00fablica Dominicana han apostado por la miner\u00eda. Hasta ahora, <a href=\"https:\/\/www.ecolex.org\/es\/details\/legislation\/ley-no-8904-ley-para-declarar-a-costa-rica-pais-libre-de-mineria-metalica-a-cielo-abierto-lex-faoc191048\/?type=legislation&amp;sortby=newest&amp;q=humedales+costa+rica\">Costa Rica<\/a> la ha limitado significativamente, especialmente la explotaci\u00f3n de oro a cielo abierto, y se ha centrado en el ecoturismo, la agricultura, los servicios y otras actividades. Aunque ahora se dan nuevos debates sobre la actividad minera en ese pa\u00eds.<\/p>\n<p>As\u00ed que el argumento de que sin miner\u00eda estamos condenados a la pobreza, como plantean ciertas personas con influencia medi\u00e1tica, no es v\u00e1lido. Al contrario, Pedernales, donde se explot\u00f3 bauxita hasta la d\u00e9cada de 1980, se encuentra entre las provincias m\u00e1s pobres del Suroeste y de todo el pa\u00eds.\u00a0 S\u00e1nchez Ram\u00edrez, ubicada en el Cibao, la regi\u00f3n m\u00e1s pr\u00f3spera de la Rep\u00fablica Dominicana, no resalta por su bonanza entre las provincias del norte.<\/p>\n<p>Tampoco es v\u00e1lido llamar hip\u00f3critas a quienes se oponen a la explotaci\u00f3n del oro y utilizan equipos que contienen este y otros minerales. <a href=\"https:\/\/www.greenmatch.co.uk\/blog\/environmental-cost-of-gold-mining\">Algunos investigadores plantean que ya hay suficiente oro en circulaci\u00f3n para atender necesidades tecnol\u00f3gicas<\/a> y financieras. La codicia suele estar m\u00e1s presente que la necesidad en muchas explotaciones mineras.<\/p>\n<p>No se preocupen, el sistema financiero no colapsar\u00e1 si no se explota el oro de San Juan. Tampoco se necesita del sacrificio de los sanjuaneros para que los minerales que se usan en equipos m\u00e9dicos sigan en el mercado.<\/p>\n<p>Y s\u00ed, el agua vale m\u00e1s que el oro. El debate que se da ahora en San Juan de la Maguana puede llevarnos a la conclusi\u00f3n de que a veces la respuesta m\u00e1s positiva es: <strong>\u00a1NO!<\/strong><\/p>\n<p>&nbsp;<\/p>\n<p><em>*Canoa P\u00farpura es la columna de <\/em><a href=\"https:\/\/www.instagram.com\/libertariasrd\/\">Libertarias<\/a><em>, espacio sobre mujeres, derechos, feminismos y nuevas masculinidades que se transmite en La Rep\u00fablica Radio, por La Nota.<\/em><\/p>\n<p>&nbsp;<\/p>\n<p>&nbsp;<\/p>\n<p>&nbsp;<\/p>\n<p><strong>\u00a0<\/strong><\/p>\n<p><strong>\u00a0<\/strong><\/p>\n","protected":false},"excerpt":{"rendered":"<p>En 2015, en Argentina, un derrame de cianuro y mercurio afect\u00f3 a los r\u00edos Potrerillos,&hellip;<\/p>\n","protected":false},"author":2,"featured_media":71158,"comment_status":"closed","ping_status":"closed","sticky":false,"template":"","format":"standard","meta":{"footnotes":""},"categories":[55,51,163],"tags":[],"class_list":["post-79625","post","type-post","status-publish","format-standard","has-post-thumbnail","hentry","category-nacionales","category-opinion","category-riammy-mendez-feliz"],"_links":{"self":[{"href":"https:\/\/eldiarioantillano.com\/uno\/wp-json\/wp\/v2\/posts\/79625","targetHints":{"allow":["GET"]}}],"collection":[{"href":"https:\/\/eldiarioantillano.com\/uno\/wp-json\/wp\/v2\/posts"}],"about":[{"href":"https:\/\/eldiarioantillano.com\/uno\/wp-json\/wp\/v2\/types\/post"}],"author":[{"embeddable":true,"href":"https:\/\/eldiarioantillano.com\/uno\/wp-json\/wp\/v2\/users\/2"}],"replies":[{"embeddable":true,"href":"https:\/\/eldiarioantillano.com\/uno\/wp-json\/wp\/v2\/comments?post=79625"}],"version-history":[{"count":1,"href":"https:\/\/eldiarioantillano.com\/uno\/wp-json\/wp\/v2\/posts\/79625\/revisions"}],"predecessor-version":[{"id":79626,"href":"https:\/\/eldiarioantillano.com\/uno\/wp-json\/wp\/v2\/posts\/79625\/revisions\/79626"}],"wp:featuredmedia":[{"embeddable":true,"href":"https:\/\/eldiarioantillano.com\/uno\/wp-json\/wp\/v2\/media\/71158"}],"wp:attachment":[{"href":"https:\/\/eldiarioantillano.com\/uno\/wp-json\/wp\/v2\/media?parent=79625"}],"wp:term":[{"taxonomy":"category","embeddable":true,"href":"https:\/\/eldiarioantillano.com\/uno\/wp-json\/wp\/v2\/categories?post=79625"},{"taxonomy":"post_tag","embeddable":true,"href":"https:\/\/eldiarioantillano.com\/uno\/wp-json\/wp\/v2\/tags?post=79625"}],"curies":[{"name":"wp","href":"https:\/\/api.w.org\/{rel}","templated":true}]}}