{"id":79616,"date":"2026-04-27T23:57:56","date_gmt":"2026-04-28T03:57:56","guid":{"rendered":"https:\/\/eldiarioantillano.com\/uno\/?p=79616"},"modified":"2026-04-27T23:57:56","modified_gmt":"2026-04-28T03:57:56","slug":"galeria-movimiento-caamanista-y-fuerza-de-la-revolucion-se-reunifican","status":"publish","type":"post","link":"https:\/\/eldiarioantillano.com\/uno\/2026\/04\/27\/galeria-movimiento-caamanista-y-fuerza-de-la-revolucion-se-reunifican\/","title":{"rendered":"GALER\u00cdA: Movimiento Caama\u00f1ista y Fuerza de la Revoluci\u00f3n se reunifican"},"content":{"rendered":"<div id=\":pk\" class=\"ii gt\">\n<div id=\":pj\" class=\"a3s aiL\">\n<div id=\"avWBGd-20\">\n<div dir=\"auto\">En el acto del proceso de reunificaci\u00f3n del Movimiento Caama\u00f1ista y Fuerza de la Revoluci\u00f3n, realizado este domingo 26 de abril, presentaron su L\u00ednea Pol\u00edtica Com\u00fan a los medios de comunicaci\u00f3n y la sociedad dominicana en general.<\/div>\n<div class=\"yj6qo\"><\/div>\n<div class=\"adL\"><\/div>\n<\/div>\n<\/div>\n<\/div>\n<div id=\":pv\" class=\"hq gt\"><\/div>\n","protected":false},"excerpt":{"rendered":"<p>En el acto del proceso de reunificaci\u00f3n del Movimiento Caama\u00f1ista y Fuerza de la Revoluci\u00f3n,&hellip;<\/p>\n","protected":false},"author":2,"featured_media":79600,"comment_status":"closed","ping_status":"closed","sticky":false,"template":"","format":"gallery","meta":{"footnotes":""},"categories":[55],"tags":[],"class_list":["post-79616","post","type-post","status-publish","format-gallery","has-post-thumbnail","hentry","category-nacionales","post_format-post-format-gallery"],"_links":{"self":[{"href":"https:\/\/eldiarioantillano.com\/uno\/wp-json\/wp\/v2\/posts\/79616","targetHints":{"allow":["GET"]}}],"collection":[{"href":"https:\/\/eldiarioantillano.com\/uno\/wp-json\/wp\/v2\/posts"}],"about":[{"href":"https:\/\/eldiarioantillano.com\/uno\/wp-json\/wp\/v2\/types\/post"}],"author":[{"embeddable":true,"href":"https:\/\/eldiarioantillano.com\/uno\/wp-json\/wp\/v2\/users\/2"}],"replies":[{"embeddable":true,"href":"https:\/\/eldiarioantillano.com\/uno\/wp-json\/wp\/v2\/comments?post=79616"}],"version-history":[{"count":1,"href":"https:\/\/eldiarioantillano.com\/uno\/wp-json\/wp\/v2\/posts\/79616\/revisions"}],"predecessor-version":[{"id":79617,"href":"https:\/\/eldiarioantillano.com\/uno\/wp-json\/wp\/v2\/posts\/79616\/revisions\/79617"}],"wp:featuredmedia":[{"embeddable":true,"href":"https:\/\/eldiarioantillano.com\/uno\/wp-json\/wp\/v2\/media\/79600"}],"wp:attachment":[{"href":"https:\/\/eldiarioantillano.com\/uno\/wp-json\/wp\/v2\/media?parent=79616"}],"wp:term":[{"taxonomy":"category","embeddable":true,"href":"https:\/\/eldiarioantillano.com\/uno\/wp-json\/wp\/v2\/categories?post=79616"},{"taxonomy":"post_tag","embeddable":true,"href":"https:\/\/eldiarioantillano.com\/uno\/wp-json\/wp\/v2\/tags?post=79616"}],"curies":[{"name":"wp","href":"https:\/\/api.w.org\/{rel}","templated":true}]}}