{"id":79614,"date":"2026-04-27T23:42:43","date_gmt":"2026-04-28T03:42:43","guid":{"rendered":"https:\/\/eldiarioantillano.com\/uno\/?p=79614"},"modified":"2026-04-27T23:42:43","modified_gmt":"2026-04-28T03:42:43","slug":"mexico-senala-voluntad-de-colaborar-con-ee-uu-pero-con-respeto-a-leyes","status":"publish","type":"post","link":"https:\/\/eldiarioantillano.com\/uno\/2026\/04\/27\/mexico-senala-voluntad-de-colaborar-con-ee-uu-pero-con-respeto-a-leyes\/","title":{"rendered":"M\u00e9xico se\u00f1ala voluntad de colaborar con EE. UU. pero con respeto a leyes"},"content":{"rendered":"<div class=\"elementor-element elementor-element-5a38e61 e-flex e-con-boxed e-con e-child\" data-id=\"5a38e61\" data-element_type=\"container\" data-e-type=\"container\">\n<div class=\"e-con-inner\">\n<div class=\"elementor-element elementor-element-d2a4feb elementor-widget elementor-widget-theme-post-excerpt\" data-id=\"d2a4feb\" data-element_type=\"widget\" data-e-type=\"widget\" data-widget_type=\"theme-post-excerpt.default\">\n<div class=\"elementor-widget-container\">Ciudad de M\u00e9xico, 27 abr (Prensa Latina) La presidenta Claudia Sheinbaum subray\u00f3 hoy que M\u00e9xico y Estados Unidos tienen una relaci\u00f3n de iguales, y dijo esperar que un incidente con agentes norteamericanos sea una excepci\u00f3n y prosiga la colaboraci\u00f3n con respeto a las leyes.<\/div>\n<\/div>\n<\/div>\n<\/div>\n<div class=\"e-con-inner\"><\/div>\n<div>\n<p>\u201cLa relaci\u00f3n con Estados Unidos es de iguales, nunca bajando la cabeza. (\u2026) Ellos est\u00e1n haciendo su trabajo all\u00e1, nosotros nuestro trabajo aqu\u00ed, y mucha coordinaci\u00f3n, colaboraci\u00f3n e informaci\u00f3n, que nos ayuda\u201d, afirm\u00f3 la mandataria en su habitual conferencia de prensa.<\/p>\n<p>Sheinbaum se refiri\u00f3 al caso de dos agentes estadounidenses (seg\u00fan medios, de la Agencia Central de Inteligencia, CIA) que participaron en el desmantelamiento de un laboratorio en el norte\u00f1o estado de Chihuahua, sin contar con acreditaci\u00f3n formal para actividades operativas en territorio nacional, lo cual se supo tras un accidente en el cual fallecieron.<\/p>\n<p>\u201cHay que seguir trabajando, pero no con agentes, con funcionarios estadounidenses que no cumplen con los procedimientos mexicanos\u201d, se\u00f1al\u00f3 la dignataria, quien ha mencionado en reiteradas ocasiones que esa acci\u00f3n est\u00e1 prohibida por la Constituci\u00f3n y la Ley de Seguridad Nacional.<\/p>\n<p>\u201cEntonces \u2013agreg\u00f3-, esperamos que esta sea una excepci\u00f3n y mantener la relaci\u00f3n de coordinaci\u00f3n y colaboraci\u00f3n, y a los mexicanos, a todas y a todos, es: la soberan\u00eda se defiende, la soberan\u00eda no se negocia. Este no es un asunto de negociaci\u00f3n\u201d.<\/p>\n<p>Tras una conversaci\u00f3n con respecto al tema entre el secretario de Seguridad y Protecci\u00f3n Ciudadana, Omar Garc\u00eda, y la gobernadora de Chihuahua, Mar\u00eda Eugenia Campos, esta \u00faltima anunci\u00f3 la conformaci\u00f3n de una unidad de investigaci\u00f3n.<\/p>\n<p>\u201cRealmente, no se requerir\u00edan tantas unidades de investigaci\u00f3n. O fue la Fiscal\u00eda o fue el Gobierno (de la entidad). (\u2026) No hay muchas m\u00e1s opciones para poder colaborar con personas extranjeras sin seguir la Ley de Seguridad Nacional y la Constituci\u00f3n\u201d, sostuvo Sheinbaum.<\/p>\n<p>La mandataria llam\u00f3 a \u201cesperar qu\u00e9 dice la gobernadora\u201d y neg\u00f3 que esto se trate de un asunto de disputa de partidos, como pretenden proyectar algunos pol\u00edticos opositores.<\/p>\n<p>\u201cA la Presidenta de M\u00e9xico le corresponde la defensa de la soberan\u00eda en primer lugar (\u2026) y resguardar la soberan\u00eda nacional quiere decir que se cumpla la Ley. Entonces, tiene que llegarse al conocimiento de c\u00f3mo fue esto\u201d, enfatiz\u00f3.<\/p>\n<p>En un comunicado difundido el s\u00e1bado, el Gabinete de Seguridad reafirm\u00f3 que el Gobierno no ten\u00eda conocimiento de que agentes extranjeros estuvieran operando, o fueran a participar f\u00edsicamente, en alguna acci\u00f3n operativa dentro de esta naci\u00f3n.<\/p>\n<p>A\u00f1adi\u00f3 que se realizan las revisiones correspondientes en coordinaci\u00f3n con las autoridades locales competentes y con la Embajada de Washington, y subray\u00f3 que \u201cla legislaci\u00f3n mexicana es clara: no permite la participaci\u00f3n de agentes extranjeros en operaciones dentro del territorio nacional\u201d.<\/p>\n<p>oda\/las<\/p>\n<\/div>\n","protected":false},"excerpt":{"rendered":"<p>Ciudad de M\u00e9xico, 27 abr (Prensa Latina) La presidenta Claudia Sheinbaum subray\u00f3 hoy que M\u00e9xico&hellip;<\/p>\n","protected":false},"author":2,"featured_media":79582,"comment_status":"closed","ping_status":"closed","sticky":false,"template":"","format":"standard","meta":{"footnotes":""},"categories":[52,53],"tags":[],"class_list":["post-79614","post","type-post","status-publish","format-standard","has-post-thumbnail","hentry","category-internacionales","category-prensa-latina"],"_links":{"self":[{"href":"https:\/\/eldiarioantillano.com\/uno\/wp-json\/wp\/v2\/posts\/79614","targetHints":{"allow":["GET"]}}],"collection":[{"href":"https:\/\/eldiarioantillano.com\/uno\/wp-json\/wp\/v2\/posts"}],"about":[{"href":"https:\/\/eldiarioantillano.com\/uno\/wp-json\/wp\/v2\/types\/post"}],"author":[{"embeddable":true,"href":"https:\/\/eldiarioantillano.com\/uno\/wp-json\/wp\/v2\/users\/2"}],"replies":[{"embeddable":true,"href":"https:\/\/eldiarioantillano.com\/uno\/wp-json\/wp\/v2\/comments?post=79614"}],"version-history":[{"count":1,"href":"https:\/\/eldiarioantillano.com\/uno\/wp-json\/wp\/v2\/posts\/79614\/revisions"}],"predecessor-version":[{"id":79615,"href":"https:\/\/eldiarioantillano.com\/uno\/wp-json\/wp\/v2\/posts\/79614\/revisions\/79615"}],"wp:featuredmedia":[{"embeddable":true,"href":"https:\/\/eldiarioantillano.com\/uno\/wp-json\/wp\/v2\/media\/79582"}],"wp:attachment":[{"href":"https:\/\/eldiarioantillano.com\/uno\/wp-json\/wp\/v2\/media?parent=79614"}],"wp:term":[{"taxonomy":"category","embeddable":true,"href":"https:\/\/eldiarioantillano.com\/uno\/wp-json\/wp\/v2\/categories?post=79614"},{"taxonomy":"post_tag","embeddable":true,"href":"https:\/\/eldiarioantillano.com\/uno\/wp-json\/wp\/v2\/tags?post=79614"}],"curies":[{"name":"wp","href":"https:\/\/api.w.org\/{rel}","templated":true}]}}