{"id":79598,"date":"2026-04-28T00:00:47","date_gmt":"2026-04-28T04:00:47","guid":{"rendered":"https:\/\/eldiarioantillano.com\/uno\/?p=79598"},"modified":"2026-04-28T00:07:49","modified_gmt":"2026-04-28T04:07:49","slug":"galeria-profesores-y-alumnos-de-guayubin-reclaman-atencion-a-centros-educativos","status":"publish","type":"post","link":"https:\/\/eldiarioantillano.com\/uno\/2026\/04\/28\/galeria-profesores-y-alumnos-de-guayubin-reclaman-atencion-a-centros-educativos\/","title":{"rendered":"GALER\u00cdA: Profesores y alumnos de Guayub\u00edn reclaman atenci\u00f3n a centros educativos"},"content":{"rendered":"<p>El profesorado del municipio de Guayub\u00edn, Montecristi, realiz\u00f3 una jornada de protestas este lunes 27 de abril, demandando mejor\u00edas de plantel y mayor personal para las diferentes escuelas de la zona.<\/p>\n<p><iframe title=\"Profesores declaran duelo por las condiciones de su centro educativo\" width=\"1170\" height=\"878\" src=\"https:\/\/www.youtube.com\/embed\/noRZF2XWo0A?feature=oembed\" frameborder=\"0\" allow=\"accelerometer; autoplay; clipboard-write; encrypted-media; gyroscope; picture-in-picture; web-share\" referrerpolicy=\"strict-origin-when-cross-origin\" allowfullscreen><\/iframe><\/p>\n<p><iframe title=\"Profesores denuncian carencias del centro educativo Demetrio Rodr\u00edguez #montecristi\" width=\"563\" height=\"1000\" src=\"https:\/\/www.youtube.com\/embed\/2XV6MPBiS3M?feature=oembed\" frameborder=\"0\" allow=\"accelerometer; autoplay; clipboard-write; encrypted-media; gyroscope; picture-in-picture; web-share\" referrerpolicy=\"strict-origin-when-cross-origin\" allowfullscreen><\/iframe><\/p>\n<p><iframe title=\"Profesores demandan mejoras y personal para la escuela La Carreterita de Lora #montecristi\" width=\"563\" height=\"1000\" src=\"https:\/\/www.youtube.com\/embed\/qFn6ChjTVcM?feature=oembed\" frameborder=\"0\" allow=\"accelerometer; autoplay; clipboard-write; encrypted-media; gyroscope; picture-in-picture; web-share\" referrerpolicy=\"strict-origin-when-cross-origin\" allowfullscreen><\/iframe><\/p>\n<p>&nbsp;<\/p>\n<p>&nbsp;<\/p>\n","protected":false},"excerpt":{"rendered":"<p>El profesorado del municipio de Guayub\u00edn, Montecristi, realiz\u00f3 una jornada de protestas este lunes 27&hellip;<\/p>\n","protected":false},"author":2,"featured_media":79607,"comment_status":"closed","ping_status":"closed","sticky":false,"template":"","format":"gallery","meta":{"footnotes":""},"categories":[57],"tags":[],"class_list":["post-79598","post","type-post","status-publish","format-gallery","has-post-thumbnail","hentry","category-montecristi","post_format-post-format-gallery"],"_links":{"self":[{"href":"https:\/\/eldiarioantillano.com\/uno\/wp-json\/wp\/v2\/posts\/79598","targetHints":{"allow":["GET"]}}],"collection":[{"href":"https:\/\/eldiarioantillano.com\/uno\/wp-json\/wp\/v2\/posts"}],"about":[{"href":"https:\/\/eldiarioantillano.com\/uno\/wp-json\/wp\/v2\/types\/post"}],"author":[{"embeddable":true,"href":"https:\/\/eldiarioantillano.com\/uno\/wp-json\/wp\/v2\/users\/2"}],"replies":[{"embeddable":true,"href":"https:\/\/eldiarioantillano.com\/uno\/wp-json\/wp\/v2\/comments?post=79598"}],"version-history":[{"count":1,"href":"https:\/\/eldiarioantillano.com\/uno\/wp-json\/wp\/v2\/posts\/79598\/revisions"}],"predecessor-version":[{"id":79613,"href":"https:\/\/eldiarioantillano.com\/uno\/wp-json\/wp\/v2\/posts\/79598\/revisions\/79613"}],"wp:featuredmedia":[{"embeddable":true,"href":"https:\/\/eldiarioantillano.com\/uno\/wp-json\/wp\/v2\/media\/79607"}],"wp:attachment":[{"href":"https:\/\/eldiarioantillano.com\/uno\/wp-json\/wp\/v2\/media?parent=79598"}],"wp:term":[{"taxonomy":"category","embeddable":true,"href":"https:\/\/eldiarioantillano.com\/uno\/wp-json\/wp\/v2\/categories?post=79598"},{"taxonomy":"post_tag","embeddable":true,"href":"https:\/\/eldiarioantillano.com\/uno\/wp-json\/wp\/v2\/tags?post=79598"}],"curies":[{"name":"wp","href":"https:\/\/api.w.org\/{rel}","templated":true}]}}