{"id":79596,"date":"2026-04-28T00:05:11","date_gmt":"2026-04-28T04:05:11","guid":{"rendered":"https:\/\/eldiarioantillano.com\/uno\/?p=79596"},"modified":"2026-04-27T23:20:34","modified_gmt":"2026-04-28T03:20:34","slug":"crisis-en-haiti-causa-reaparicion-de-enfermedades-como-la-difteria","status":"publish","type":"post","link":"https:\/\/eldiarioantillano.com\/uno\/2026\/04\/28\/crisis-en-haiti-causa-reaparicion-de-enfermedades-como-la-difteria\/","title":{"rendered":"Crisis en Hait\u00ed causa reaparici\u00f3n de enfermedades como la difteria"},"content":{"rendered":"<div class=\"elementor-element elementor-element-5a38e61 e-flex e-con-boxed e-con e-child\" data-id=\"5a38e61\" data-element_type=\"container\" data-e-type=\"container\">\n<div class=\"e-con-inner\">\n<div class=\"elementor-element elementor-element-d2a4feb elementor-widget elementor-widget-theme-post-excerpt\" data-id=\"d2a4feb\" data-element_type=\"widget\" data-e-type=\"widget\" data-widget_type=\"theme-post-excerpt.default\">\n<div class=\"elementor-widget-container\">Puerto Pr\u00edncipe, 27 abr (Prensa Latina) El deterioro de las condiciones de vida que sufre hoy la poblaci\u00f3n haitiana origina la reaparici\u00f3n de enfermedades como la difteria, seg\u00fan el Ministerio de Salud P\u00fablica y Poblaci\u00f3n.<\/div>\n<\/div>\n<\/div>\n<\/div>\n<div class=\"e-con-inner\"><\/div>\n<div>\n<p>Los especialistas detectaron este a\u00f1o 90 nuevos casos de dicho padecimiento, 42 de ellos menores de edad, y 33 mujeres, situaci\u00f3n que despert\u00f3 una alerta entre las autoridades, a\u00f1ade un informe de esa cartera, citado por el diario Le Nouvelliste.<\/p>\n<p>Las afectaciones por la crisis multifac\u00e9tica nacional comprenden d\u00e9ficits sanitarios como el de la vacunaci\u00f3n, junto a consecuencias visibles como saqueos, secuestros y violaciones, causados por la toma de pueblos enteros por las pandillas criminales, explica el peri\u00f3dico.<\/p>\n<p>Hait\u00ed presencia con impotencia \u2014comenta\u2014 el continuo deterioro de las condiciones de vida de su poblaci\u00f3n, y resulta dif\u00edcil expresar con palabras todas las consecuencias de la crisis multifac\u00e9tica que puso al pa\u00eds de rodillas.<\/p>\n<p>Las autoridades estiman que esa situaci\u00f3n se concentra en los campamentos de personas desplazadas internamente, mientras la mayor\u00eda de los hospitales de referencia est\u00e1n cerrados, y comunidades de los departamentos Oeste, Artibonite y Central est\u00e1n desde hace dos a\u00f1os sin el control estatal.<\/p>\n<p>El gobierno del Primer Ministro Didier Fils-Aim\u00e9, en el poder desde noviembre de 2024, desconoce sobre estas \u00faltimas comunidades las condiciones de vida de la poblaci\u00f3n que reside en ellas, y le es imposible garantizar beneficios como la vacunaci\u00f3n, apunta Le Nouvelliste.<\/p>\n<p>La alerta est\u00e1 centrada hoy en la difteria \u2014opina el diario\u2014, pero no ser\u00eda sorprendente que otras enfermedades vinculadas a la higiene y la alimentaci\u00f3n estuvieran causando muertes silenciosas en todo el pa\u00eds.<\/p>\n<p>mem\/apb<\/p>\n<\/div>\n","protected":false},"excerpt":{"rendered":"<p>Puerto Pr\u00edncipe, 27 abr (Prensa Latina) El deterioro de las condiciones de vida que sufre&hellip;<\/p>\n","protected":false},"author":2,"featured_media":79583,"comment_status":"closed","ping_status":"closed","sticky":false,"template":"","format":"standard","meta":{"footnotes":""},"categories":[52,53],"tags":[],"class_list":["post-79596","post","type-post","status-publish","format-standard","has-post-thumbnail","hentry","category-internacionales","category-prensa-latina"],"_links":{"self":[{"href":"https:\/\/eldiarioantillano.com\/uno\/wp-json\/wp\/v2\/posts\/79596","targetHints":{"allow":["GET"]}}],"collection":[{"href":"https:\/\/eldiarioantillano.com\/uno\/wp-json\/wp\/v2\/posts"}],"about":[{"href":"https:\/\/eldiarioantillano.com\/uno\/wp-json\/wp\/v2\/types\/post"}],"author":[{"embeddable":true,"href":"https:\/\/eldiarioantillano.com\/uno\/wp-json\/wp\/v2\/users\/2"}],"replies":[{"embeddable":true,"href":"https:\/\/eldiarioantillano.com\/uno\/wp-json\/wp\/v2\/comments?post=79596"}],"version-history":[{"count":1,"href":"https:\/\/eldiarioantillano.com\/uno\/wp-json\/wp\/v2\/posts\/79596\/revisions"}],"predecessor-version":[{"id":79597,"href":"https:\/\/eldiarioantillano.com\/uno\/wp-json\/wp\/v2\/posts\/79596\/revisions\/79597"}],"wp:featuredmedia":[{"embeddable":true,"href":"https:\/\/eldiarioantillano.com\/uno\/wp-json\/wp\/v2\/media\/79583"}],"wp:attachment":[{"href":"https:\/\/eldiarioantillano.com\/uno\/wp-json\/wp\/v2\/media?parent=79596"}],"wp:term":[{"taxonomy":"category","embeddable":true,"href":"https:\/\/eldiarioantillano.com\/uno\/wp-json\/wp\/v2\/categories?post=79596"},{"taxonomy":"post_tag","embeddable":true,"href":"https:\/\/eldiarioantillano.com\/uno\/wp-json\/wp\/v2\/tags?post=79596"}],"curies":[{"name":"wp","href":"https:\/\/api.w.org\/{rel}","templated":true}]}}